{"id":15630,"date":"2022-05-04T09:22:12","date_gmt":"2022-05-04T07:22:12","guid":{"rendered":"https:\/\/www.trotec-blog.com\/ro\/?p=15630"},"modified":"2022-05-04T09:22:12","modified_gmt":"2022-05-04T07:22:12","slug":"bine-pregatit-pentru-sezonul-de-vara-cu-ajutorul-adaptorului-sau-duzei-pentru-fereastra-pentru-dirijarea-simplificata-a-furtunelor-de-evacuare-a-aerului-de-evacuare-a-unitatilor-mobile-de-aer-conditi","status":"publish","type":"post","link":"https:\/\/www.trotec-blog.com\/ro\/blog\/trotec\/bine-pregatit-pentru-sezonul-de-vara-cu-ajutorul-adaptorului-sau-duzei-pentru-fereastra-pentru-dirijarea-simplificata-a-furtunelor-de-evacuare-a-aerului-de-evacuare-a-unitatilor-mobile-de-aer-conditi\/","title":{"rendered":"Bine preg\u0103tit pentru sezonul de var\u0103: cu ajutorul adaptorului sau duzei pentru fereastr\u0103 pentru dirijarea simplificat\u0103 a furtunelor de evacuare a aerului de evacuare a unit\u0103\u021bilor mobile de aer condi\u021bionat"},"content":{"rendered":"<h2><a href=\"https:\/\/www.trotec-blog.com\/ro\/files\/2022\/05\/tro_blog_abluftschlauchadapter_blogbild_1000x1000.jpg\"><img loading=\"lazy\" class=\"alignnone size-full wp-image-15631\" src=\"https:\/\/www.trotec-blog.com\/ro\/files\/2022\/05\/tro_blog_abluftschlauchadapter_blogbild_1000x1000.jpg\" alt=\"\" width=\"1000\" height=\"1000\" \/><\/a><\/h2>\n<h2>De\u021bine\u021bi deja un aparat de aer condi\u021bionat mobil? Felicit\u0103ri! Sau te g\u00e2nde\u0219ti s\u0103 cumperi unul la timp pentru primul val de canicul\u0103? Minunat, suntem siguri c\u0103 ve\u021bi g\u0103si exact dispozitivul potrivit din gama noastr\u0103 extins\u0103 de aparate de aer condi\u021bionat. \u00cen ambele cazuri, ca utilizator mobil de aer condi\u021bionat, ar trebui s\u0103 achizi\u021biona\u021bi \u0219i un accesoriu practic &#8211; adaptorul nostru pentru furtun de evacuare, cunoscut \u0219i ca adaptor pentru fereastr\u0103 sau duz\u0103 pentru fereastr\u0103. Un astfel de adaptor face mult mai u\u0219oar\u0103 direc\u021bionarea furtunului de evacuare a aerului spre exterior: fie printr-o fereastr\u0103 \u00eenclinat\u0103, fie prin garnitura pentru geam Trotec AirLock 100 \/ 1000.<\/h2>\n<p><!--more--><\/p>\n<p>Oricine a direc\u021bionat deja un furtun de evacuare a aerului pentru aparatul de aer condi\u021bionat printr-o fereastr\u0103 deschis\u0103 \u0219tie despre capcanele ce pot ap\u0103rea \u0219i va aprecia adaptorul nostru pentru furtun de evacuare pentru c\u0103 prin acesta este mult mai u\u0219oar\u0103 direc\u021bionarea furtunului de evacuare a aerului de la unit\u0103\u021bile de aer condi\u021bionat spre exterior. Pentru a face acest lucru, deschiderea mare a adaptorului este pur \u0219i simplu introdus\u0103 peste furtunul de evacuare a aerului, iar cap\u0103tul \u00eengust al adaptorului este apoi introdus fie printr-o fereastr\u0103 \u00eenclinat\u0103, fie prin deschiderea garniturii de etan\u0219are a ferestrei <a href=\"https:\/\/ro.trotec.com\/shop\/aparate\/climatizare-racirea-aerului\/accesorii-aparate-de-climatizare.html?rc=783e2f47dd\" class=\"broken_link\"><strong>Trotec AirLock 100 \/ 1000.<\/strong><\/a><\/p>\n<p>Cu un diametru al furtunului de evacuare a aerului de 142 -148 mm, adaptorul se potrive\u0219te f\u0103r\u0103 unelte suplimentare. De asemenea, este necesar\u0103 o clem\u0103 de furtun pentru aparatele de aer condi\u021bionat cu un diametru al furtunului de evacuare a aerului de \u00d8 150-160 mm. Desigur, le pute\u021bi achizi\u021biona \u0219i separat, acestea fiind disponibile din gama noastr\u0103.<\/p>\n<h3>Adaptor de furtun pentru fereastr\u0103 \u2013 calitate de marc\u0103 de la Trotec<\/h3>\n<p>Profita\u021bi de calitatea de marc\u0103 de la Trotec ca un garant al \u00eenaltei valori, siguran\u021be \u0219i func\u021bionalit\u0103\u021bi. Comanda\u021bi cel mai bine chiar acum <a href=\"https:\/\/ro.trotec.com\/shop\/adaptor-furtun-de-evacuare-adaptor-duza-de-fereastra-pentru-aparate-de-climatizare-mobile.html?rc=783e2f47dd\"><strong>adaptorul de furtun<\/strong><\/a> practic pentru fereastr\u0103 la cele mai atractive pre\u021buri \u00een magazinul nostru online &#8211; acum \u00een <a href=\"https:\/\/ro.trotec.com\/shop\/?rc=783e2f47dd\"><strong>Trotec-Shop!<\/strong><\/a><\/p>\n","protected":false},"excerpt":{"rendered":"<p>De\u021bine\u021bi deja un aparat de aer condi\u021bionat mobil? Felicit\u0103ri! Sau te g\u00e2nde\u0219ti s\u0103 cumperi unul la timp pentru primul val de canicul\u0103? Minunat, suntem siguri c\u0103 ve\u021bi g\u0103si exact dispozitivul potrivit din gama noastr\u0103 extins\u0103 de aparate de aer condi\u021bionat. \u00cen ambele cazuri, ca utilizator mobil de aer condi\u021bionat, ar trebui s\u0103 achizi\u021biona\u021bi \u0219i un [&hellip;]<\/p>\n","protected":false},"author":66,"featured_media":15631,"comment_status":"open","ping_status":"open","sticky":false,"template":"","format":"standard","meta":[],"categories":[6,7,2],"tags":[2146,2147,139,248,34],"_links":{"self":[{"href":"https:\/\/www.trotec-blog.com\/ro\/wp-json\/wp\/v2\/posts\/15630"}],"collection":[{"href":"https:\/\/www.trotec-blog.com\/ro\/wp-json\/wp\/v2\/posts"}],"about":[{"href":"https:\/\/www.trotec-blog.com\/ro\/wp-json\/wp\/v2\/types\/post"}],"author":[{"embeddable":true,"href":"https:\/\/www.trotec-blog.com\/ro\/wp-json\/wp\/v2\/users\/66"}],"replies":[{"embeddable":true,"href":"https:\/\/www.trotec-blog.com\/ro\/wp-json\/wp\/v2\/comments?post=15630"}],"version-history":[{"count":1,"href":"https:\/\/www.trotec-blog.com\/ro\/wp-json\/wp\/v2\/posts\/15630\/revisions"}],"predecessor-version":[{"id":15632,"href":"https:\/\/www.trotec-blog.com\/ro\/wp-json\/wp\/v2\/posts\/15630\/revisions\/15632"}],"wp:featuredmedia":[{"embeddable":true,"href":"https:\/\/www.trotec-blog.com\/ro\/wp-json\/wp\/v2\/media\/15631"}],"wp:attachment":[{"href":"https:\/\/www.trotec-blog.com\/ro\/wp-json\/wp\/v2\/media?parent=15630"}],"wp:term":[{"taxonomy":"category","embeddable":true,"href":"https:\/\/www.trotec-blog.com\/ro\/wp-json\/wp\/v2\/categories?post=15630"},{"taxonomy":"post_tag","embeddable":true,"href":"https:\/\/www.trotec-blog.com\/ro\/wp-json\/wp\/v2\/tags?post=15630"}],"curies":[{"name":"wp","href":"https:\/\/api.w.org\/{rel}","templated":true}]}}