{"id":14743,"date":"2022-03-28T06:34:41","date_gmt":"2022-03-28T04:34:41","guid":{"rendered":"https:\/\/www.trotec-blog.com\/ro\/?p=14743"},"modified":"2022-03-28T06:34:41","modified_gmt":"2022-03-28T04:34:41","slug":"nou-incalzitor-cu-infrarosu-ir-2200-face-din-terasa-si-balconul-un-loc-placut-cald-chiar-si-in-zilele-mai-racoroase-acum-in-sfarsit-disponibil","status":"publish","type":"post","link":"https:\/\/www.trotec-blog.com\/ro\/blog\/trotec\/nou-incalzitor-cu-infrarosu-ir-2200-face-din-terasa-si-balconul-un-loc-placut-cald-chiar-si-in-zilele-mai-racoroase-acum-in-sfarsit-disponibil\/","title":{"rendered":"NOU \u00eenc\u0103lzitor cu infraro\u0219u IR 2200: face din teras\u0103 \u0219i balconul un loc pl\u0103cut cald chiar \u0219i \u00een zilele mai r\u0103coroase &#8211; acum \u00een sf\u00e2r\u0219it disponibil"},"content":{"rendered":"<h2><a href=\"https:\/\/www.trotec-blog.com\/ro\/files\/2022\/03\/RO_tro_blog_ir_2200_blogbild_1000x1000.jpg\"><img loading=\"lazy\" class=\"alignnone size-full wp-image-14744\" src=\"https:\/\/www.trotec-blog.com\/ro\/files\/2022\/03\/RO_tro_blog_ir_2200_blogbild_1000x1000.jpg\" alt=\"\" width=\"1000\" height=\"1000\" \/><\/a><\/h2>\n<h2>Afar\u0103 este \u00eenc\u0103 foarte frig. \u00cen orice caz, este prea r\u0103coare s\u0103 te bucuri de soare pe teras\u0103 sau balcon \u00een timpul zilei. \u0218i \u00een mod evident prea frig pentru a petrece \u00eempreun\u0103 \u00eentr-o atmosfer\u0103 relaxat\u0103 seara afar\u0103 pe teras\u0103. Aici este nevoie de un \u00eenc\u0103lzitor radiant! Acum \u00een sf\u00e2r\u0219it \u00eenc\u0103lzitorul radiant cu infraro\u0219u IR 2200 cu design modern este \u00een sf\u00e2r\u0219it disponibil: Cu o lungime de 1.039 mm, dou\u0103 niveluri de \u00eenc\u0103lzire cu p\u00e2n\u0103 la 2.200 de wa\u021bi, cea mai recent\u0103 tehnologie de str\u0103lucire redus\u0103 Low Glare \u0219i telecomand\u0103. Timpul \u00een aer liber este mult prea valoros pentru a depinde de vremea rea.<\/h2>\n<p><!--more--><\/p>\n<p>Fie c\u0103 este prim\u0103var\u0103, care este \u00eenc\u0103 rece, \u00een zilele r\u0103coroase de var\u0103, chiar \u0219i toamna \u0219i iarna &#8211; \u00eenc\u0103lzitorul modern cu infraro\u0219u IR 2200 \u00eentr-un aspect industrial la mod\u0103 aduce c\u0103ldur\u0103 confortabil\u0103 pe teras\u0103 sau balcon pe tot parcursul anului \u0219i astfel, chiar \u0219i \u00een zilele sau serile r\u0103coroase, zona exterioar\u0103 poate fi folosit\u0103 pentru a lua masa \u00eempreun\u0103 cu familia, pentru \u00eent\u00e2lniri spontane cu prietenii sau pentru o \u00eent\u00e2lnire relaxat\u0103 sub un cer senin \u0219i \u00eenstelat. Bine\u00een\u021beles, \u00eenc\u0103lzitorul radiant de 2.200 face o figur\u0103 excelent\u0103 \u0219i \u00een unit\u0103\u021bile de alimenta\u021bia \u00een aer liber &#8211; la urma urmei, este recomandat pentru suprafe\u021be de aproximativ 9 m\u00b2 p\u00e2n\u0103 la 16 m\u00b2 &#8211; \u0219i asigur\u0103 o cre\u0219tere vizibil\u0103 a v\u00e2nz\u0103rilor acolo.<\/p>\n<h3><strong>A\u0219a func\u021bioneaz\u0103<\/strong><\/h3>\n<p><a href=\"https:\/\/ro.trotec.com\/shop\/incalzitor-radiant-cu-infrarosu-de-design-ir-2200.html?rc=783e2f47dd\" class=\"broken_link\"><strong>Radiatorul<\/strong> <strong>IR 2200<\/strong><\/a> este la fel de flexibil \u00een utilizare c\u00e2t \u0219i la amplasare \u0219i fixare. Un sistem de cablu decorativ cu o conexiune rapid\u0103 cu \u0219uruburi este deja inclus \u00een pachetul de livrare pentru montarea simpl\u0103 pe tavan. Un suport de perete, care este de asemenea furnizat, permite fixarea \u00eenc\u0103lzitorului pe perete orizontal sau vertical. Datorit\u0103 \u00eembin\u0103rii pivotante la 45 \u00b0 a montajului pe perete sau pe tavan, radia\u021bia de c\u0103ldur\u0103 pot fi \u00eendreptat\u0103 cu precizie c\u0103tre zonele cu scaune sau mese.<\/p>\n<p>Indiferent dac\u0103 este ploaie abundent\u0103 sau z\u0103pad\u0103, nori de praf sau polen: carcasa din aluminiu de design, construit\u0103 \u00een conformitate cu clasa de protec\u021bie IP66, protejeaz\u0103 \u00een mod fiabil tehnologia dispozitivului de praf, murd\u0103rie \u0219i stropi de ap\u0103 din toate p\u0103r\u021bile. Aceasta \u00eenseamn\u0103 c\u0103 \u00eenc\u0103lzitorul cu infraro\u0219u robust IR 2200 este recomandat \u0219i \u00een zonele exterioare neacoperite, cum ar fi \u00een unit\u0103\u021bile gastronomice, pentru \u00eenc\u0103lzirea pe toat\u0103 perioada anului la o instalare permanent\u0103.<\/p>\n<p><a href=\"https:\/\/ro.trotec.com\/shop\/incalzitor-radiant-cu-infrarosu-de-design-ir-2200.html?rc=783e2f47dd\" class=\"broken_link\"><strong>IR 2200<\/strong><\/a> de la Trotec are dou\u0103 tuburi cu infraro\u0219u cu unde scurte cu tehnologie de reducere a luminii Low Glare. Trebuie s\u0103 \u0219ti\u021bi c\u0103 undele scurte cu str\u0103lucire sc\u0103zut\u0103 produc o propor\u021bie mai mare de lumin\u0103 infraro\u0219ie din gama de lumin\u0103 invizibil\u0103 &#8211; \u0219i asta cu o putere de \u00eenc\u0103lzire nediminuat\u0103. Deoarece lumina perceptibil\u0103 este redus\u0103 semnificativ, impresia unei atmosfere confortabile la lumina lum\u00e2n\u0103rilor este creat\u0103 \u00een imediata apropiere a \u00eenc\u0103lzitorului radiant, iar atmosfera este vizibil mai pl\u0103cut\u0103. Un concept de iluminat deja existent pe teras\u0103 sau \u00een industria de catering este general mai pu\u021bin afectat.<\/p>\n<h3><strong>Patru dintre avantajele care pe mine m-au convins:<\/strong><\/h3>\n<ul>\n<li>\u00cenc\u0103lzire cu infraro\u0219u f\u0103r\u0103 pre\u00eenc\u0103lzire<\/li>\n<li>Repartizarea uniform\u0103 \u0219i orientat\u0103 a c\u0103ldurii<\/li>\n<li>Acurat, f\u0103r\u0103 condens, f\u0103r\u0103 miros \u0219i f\u0103r\u0103 zgomot<\/li>\n<li>Nu turbioneaz\u0103 praful \u0219i de aceea este utilizabil de c\u0103tre cei alergici<\/li>\n<\/ul>\n<h3><strong>Radiatorul cu infraro\u0219u IR 2200 \u2013 calitate de marc\u0103 de la Trotec<\/strong><\/h3>\n<p>Profita\u021bi de calitatea de marc\u0103 de la Trotec ca un garant al \u00eenaltei valori, siguran\u021be \u0219i func\u021bionalit\u0103\u021bi. Comanda\u021bi chiar ast\u0103zi \u00een magazinul nostru online<a href=\"https:\/\/ro.trotec.com\/shop\/incalzitor-radiant-cu-infrarosu-de-design-ir-2200.html?rc=783e2f47dd\" class=\"broken_link\"><strong> radiatorul cu infraro\u0219u IR 2200 <\/strong><\/a>la cele mai atractive pre\u021buri<a href=\"https:\/\/www.trotec24.ro\/masini\/incalzire\/panouri-cu-infrarosu\/radiator-infrarosu-design-ir-2200.html?rc=783e2f47dd\" class=\"broken_link\"><strong> \u2013 <\/strong><\/a>acum \u00een<strong> Trotec-Shop!<\/strong><\/p>\n<p>&nbsp;<\/p>\n","protected":false},"excerpt":{"rendered":"<p>Afar\u0103 este \u00eenc\u0103 foarte frig. \u00cen orice caz, este prea r\u0103coare s\u0103 te bucuri de soare pe teras\u0103 sau balcon \u00een timpul zilei. \u0218i \u00een mod evident prea frig pentru a petrece \u00eempreun\u0103 \u00eentr-o atmosfer\u0103 relaxat\u0103 seara afar\u0103 pe teras\u0103. Aici este nevoie de un \u00eenc\u0103lzitor radiant! Acum \u00een sf\u00e2r\u0219it \u00eenc\u0103lzitorul radiant cu infraro\u0219u IR [&hellip;]<\/p>\n","protected":false},"author":66,"featured_media":14744,"comment_status":"open","ping_status":"open","sticky":false,"template":"","format":"standard","meta":[],"categories":[6,12,2],"tags":[455,2032,187,918,34],"_links":{"self":[{"href":"https:\/\/www.trotec-blog.com\/ro\/wp-json\/wp\/v2\/posts\/14743"}],"collection":[{"href":"https:\/\/www.trotec-blog.com\/ro\/wp-json\/wp\/v2\/posts"}],"about":[{"href":"https:\/\/www.trotec-blog.com\/ro\/wp-json\/wp\/v2\/types\/post"}],"author":[{"embeddable":true,"href":"https:\/\/www.trotec-blog.com\/ro\/wp-json\/wp\/v2\/users\/66"}],"replies":[{"embeddable":true,"href":"https:\/\/www.trotec-blog.com\/ro\/wp-json\/wp\/v2\/comments?post=14743"}],"version-history":[{"count":1,"href":"https:\/\/www.trotec-blog.com\/ro\/wp-json\/wp\/v2\/posts\/14743\/revisions"}],"predecessor-version":[{"id":14745,"href":"https:\/\/www.trotec-blog.com\/ro\/wp-json\/wp\/v2\/posts\/14743\/revisions\/14745"}],"wp:featuredmedia":[{"embeddable":true,"href":"https:\/\/www.trotec-blog.com\/ro\/wp-json\/wp\/v2\/media\/14744"}],"wp:attachment":[{"href":"https:\/\/www.trotec-blog.com\/ro\/wp-json\/wp\/v2\/media?parent=14743"}],"wp:term":[{"taxonomy":"category","embeddable":true,"href":"https:\/\/www.trotec-blog.com\/ro\/wp-json\/wp\/v2\/categories?post=14743"},{"taxonomy":"post_tag","embeddable":true,"href":"https:\/\/www.trotec-blog.com\/ro\/wp-json\/wp\/v2\/tags?post=14743"}],"curies":[{"name":"wp","href":"https:\/\/api.w.org\/{rel}","templated":true}]}}