{"id":14646,"date":"2022-03-07T07:32:48","date_gmt":"2022-03-07T05:32:48","guid":{"rendered":"https:\/\/www.trotec-blog.com\/ro\/?p=14646"},"modified":"2022-03-07T07:32:48","modified_gmt":"2022-03-07T05:32:48","slug":"incalzitor-radiant-cu-infrarosu-ir-1200-s-bucurati-va-de-terasa-intr-o-caldura-confortabila-in-ciuda-perioadei-de-tranzitie-racoroase-disponibil-din-nou-maine","status":"publish","type":"post","link":"https:\/\/www.trotec-blog.com\/ro\/blog\/trotec\/incalzitor-radiant-cu-infrarosu-ir-1200-s-bucurati-va-de-terasa-intr-o-caldura-confortabila-in-ciuda-perioadei-de-tranzitie-racoroase-disponibil-din-nou-maine\/","title":{"rendered":"\u00cenc\u0103lzitor radiant cu infraro\u0219u IR 1200 S: Bucura\u021bi-v\u0103 de terasa \u00eentr-o c\u0103ldur\u0103 confortabil\u0103, \u00een ciuda perioadei de tranzi\u021bie r\u0103coroase &#8211; disponibil din nou m\u00e2ine!"},"content":{"rendered":"<h2><a href=\"https:\/\/www.trotec-blog.com\/ro\/files\/2022\/03\/tro_blog_ir_1200_s_blogbild_1000x1000.jpg\"><img loading=\"lazy\" class=\"alignnone size-full wp-image-14647\" src=\"https:\/\/www.trotec-blog.com\/ro\/files\/2022\/03\/tro_blog_ir_1200_s_blogbild_1000x1000.jpg\" alt=\"\" width=\"1000\" height=\"1000\" srcset=\"https:\/\/www.trotec-blog.com\/ro\/files\/2022\/03\/tro_blog_ir_1200_s_blogbild_1000x1000.jpg 1000w, https:\/\/www.trotec-blog.com\/ro\/files\/2022\/03\/tro_blog_ir_1200_s_blogbild_1000x1000-200x200.jpg 200w, https:\/\/www.trotec-blog.com\/ro\/files\/2022\/03\/tro_blog_ir_1200_s_blogbild_1000x1000-300x300.jpg 300w, https:\/\/www.trotec-blog.com\/ro\/files\/2022\/03\/tro_blog_ir_1200_s_blogbild_1000x1000-768x768.jpg 768w, https:\/\/www.trotec-blog.com\/ro\/files\/2022\/03\/tro_blog_ir_1200_s_blogbild_1000x1000-60x60.jpg 60w\" sizes=\"(max-width: 1000px) 100vw, 1000px\" \/><\/a><\/h2>\n<h2>Iarna pare s\u0103 fie \u00een retragere. A\u0219a c\u0103 este important s\u0103 nu mai rata\u021bi s\u0103 petrece\u021bi zilele pe teras\u0103 sau balcon, acas\u0103. Indiferent c\u00e2t de frig este afar\u0103, cu \u00eenc\u0103lzitorul radiant cu infraro\u0219u IR 1200 S, care este \u00een sf\u00e2r\u0219it disponibil, temperaturile de var\u0103 sunt deja posibile \u00een zona ta exterioar\u0103. Pentru c\u0103 echipamentul polivalent ofer\u0103 p\u00e2n\u0103 la 1.200 W pentru c\u0103ldur\u0103 rapid\u0103 \u0219i \u00eenc\u0103lze\u0219te zona imediat\u0103 confortabil din primul moment. Echipat cu dou\u0103 tuburi de \u00eenc\u0103lzire moderne din cuar\u021b, radiatorul cu infraro\u0219u transform\u0103 o mare parte din energia utilizat\u0103 \u00een c\u0103ldur\u0103 direct\u0103, ceea ce \u00eel face deosebit de eficient din punct de vedere energetic.<\/h2>\n<p><!--more--><\/p>\n<p>Cu <strong><a href=\"https:\/\/ro.trotec.com\/shop\/radiator-cu-infrarosu-ir-1200-s.html?rc=783e2f47dd\">radiatorul de cuar\u021b IR 1200 S<\/a>,<\/strong> pute\u021bi crea rapid o atmosfer\u0103 pl\u0103cut\u0103 \u0219i confortabil\u0103 \u00een aer liber, chiar \u0219i \u00een zilele r\u0103coroase sau reci. \u00cenc\u0103lzitorul radiant cu infraro\u0219u are dou\u0103 niveluri de \u00eenc\u0103lzire de 600 de wa\u021bi \u0219i 1.200 de wa\u021bi de putere termic\u0103, cel mai sc\u0103zut nivel av\u00e2nd deja un rezultat de c\u0103ldur\u0103 impresionant. \u00cel pute\u021bi opera convenabil printr-un comutator integrat. \u00cen plus, radiatorul cu infraro\u0219u destinat mont\u0103rii pe perete poate fi reglat cu 30\u00b0 pentru a alinia cu precizie radia\u021bia de c\u0103ldur\u0103.<\/p>\n<h3>Avantajele practice la un loc \u2013 radiatorul cu infraro\u0219u IR 1200 S \u2026<\/h3>\n<ul>\n<li>ofer\u0103 c\u0103ldur\u0103 rapid\u0103 cu dou\u0103 trepte de \u00eenc\u0103lzire de p\u00e2n\u0103 la 1.200 W. Dispozitivul func\u021bioneaz\u0103 complet inodor \u0219i f\u0103r\u0103 zgomot \u0219i, deoarece func\u021bioneaz\u0103 f\u0103r\u0103 ventilator, nu provoac\u0103 turbion\u0103ri ale aerului \u0219i deci nu st\u00e2rne\u0219te praf, acesta fiind un mare avantaj, mai ales pentru cei care sufer\u0103 de alergii.<\/li>\n<li>impresioneaz\u0103 prin dou\u0103 tuburi de \u00eenc\u0103lzire moderne din cuar\u021b, cu care \u00eenc\u0103lzitorul cu infraro\u0219u transform\u0103 o mare parte din energia utilizat\u0103 \u00een c\u0103ldur\u0103 direct\u0103, ceea ce \u00eel face deosebit de eficient din punct de vedere energetic.<\/li>\n<li>de\u021bine o carcas\u0103 metalic\u0103 de \u00eenalt\u0103 calitate care este rezistent\u0103 la stropirea cu ap\u0103 conform clasei de protec\u021bie IP24 \u0219i face din \u00eenc\u0103lzitorul cu cuar\u021b o surs\u0103 atractiv\u0103 de c\u0103ldur\u0103.<\/li>\n<li>se monteaza rapid datorita dispozitivului de suspensie integrat. Apoi conecta\u021bi-l \u0219i bucura\u021bi-v\u0103 de radia\u021bia cald\u0103 reconfortant\u0103.<\/li>\n<li>de\u021bine un \u0219nur de tragere neted, astfel \u00eenc\u00e2t s\u0103 poat\u0103 fi pornit \u0219i oprit cu o singur\u0103 m\u00e2n\u0103. Chiar \u0219i treptele de \u00eenc\u0103lzire pot fi alese \u0219io setate \u00een acest mod.<\/li>\n<\/ul>\n<h3>Radiator cu infraro\u0219u IR 1200 S \u2013 calitate de marc\u0103 de la Trotec<\/h3>\n<p>Profita\u021bi de calitatea de marc\u0103 de la Trotec ca un garant al \u00eenal\u0219tei valori, siguran\u021be \u0219i func\u021bionalit\u0103\u021bi. Comanda\u021bi cel mai bine chiar astazi <a href=\"https:\/\/ro.trotec.com\/shop\/radiator-cu-infrarosu-ir-1200-s.html?rc=783e2f47dd\"><strong>radiatorul cu infraro\u0219i IR 1200 S<\/strong><\/a> la cele mai atractive pre\u021buri \u00een magazinul nostru online \u2013 acum \u00een <strong><a href=\"https:\/\/ro.trotec.com\/shop\/\">Trotec-Shop<\/a>!<\/strong><\/p>\n<p>&nbsp;<\/p>\n<p>&nbsp;<\/p>\n","protected":false},"excerpt":{"rendered":"<p>Iarna pare s\u0103 fie \u00een retragere. A\u0219a c\u0103 este important s\u0103 nu mai rata\u021bi s\u0103 petrece\u021bi zilele pe teras\u0103 sau balcon, acas\u0103. Indiferent c\u00e2t de frig este afar\u0103, cu \u00eenc\u0103lzitorul radiant cu infraro\u0219u IR 1200 S, care este \u00een sf\u00e2r\u0219it disponibil, temperaturile de var\u0103 sunt deja posibile \u00een zona ta exterioar\u0103. Pentru c\u0103 echipamentul polivalent [&hellip;]<\/p>\n","protected":false},"author":66,"featured_media":14647,"comment_status":"open","ping_status":"open","sticky":false,"template":"","format":"standard","meta":[],"categories":[6,7,9,12,2],"tags":[455,2009,187,34],"_links":{"self":[{"href":"https:\/\/www.trotec-blog.com\/ro\/wp-json\/wp\/v2\/posts\/14646"}],"collection":[{"href":"https:\/\/www.trotec-blog.com\/ro\/wp-json\/wp\/v2\/posts"}],"about":[{"href":"https:\/\/www.trotec-blog.com\/ro\/wp-json\/wp\/v2\/types\/post"}],"author":[{"embeddable":true,"href":"https:\/\/www.trotec-blog.com\/ro\/wp-json\/wp\/v2\/users\/66"}],"replies":[{"embeddable":true,"href":"https:\/\/www.trotec-blog.com\/ro\/wp-json\/wp\/v2\/comments?post=14646"}],"version-history":[{"count":1,"href":"https:\/\/www.trotec-blog.com\/ro\/wp-json\/wp\/v2\/posts\/14646\/revisions"}],"predecessor-version":[{"id":14648,"href":"https:\/\/www.trotec-blog.com\/ro\/wp-json\/wp\/v2\/posts\/14646\/revisions\/14648"}],"wp:featuredmedia":[{"embeddable":true,"href":"https:\/\/www.trotec-blog.com\/ro\/wp-json\/wp\/v2\/media\/14647"}],"wp:attachment":[{"href":"https:\/\/www.trotec-blog.com\/ro\/wp-json\/wp\/v2\/media?parent=14646"}],"wp:term":[{"taxonomy":"category","embeddable":true,"href":"https:\/\/www.trotec-blog.com\/ro\/wp-json\/wp\/v2\/categories?post=14646"},{"taxonomy":"post_tag","embeddable":true,"href":"https:\/\/www.trotec-blog.com\/ro\/wp-json\/wp\/v2\/tags?post=14646"}],"curies":[{"name":"wp","href":"https:\/\/api.w.org\/{rel}","templated":true}]}}