{"id":14511,"date":"2022-01-24T08:01:37","date_gmt":"2022-01-24T06:01:37","guid":{"rendered":"https:\/\/www.trotec-blog.com\/ro\/?p=14511"},"modified":"2022-01-24T08:02:35","modified_gmt":"2022-01-24T06:02:35","slug":"ventilator-de-podea-tvm-18-aduce-o-gura-de-aer-proaspat-intr-un-design-retro-clasic-din-nou-disponibil","status":"publish","type":"post","link":"https:\/\/www.trotec-blog.com\/ro\/blog\/trotec\/ventilator-de-podea-tvm-18-aduce-o-gura-de-aer-proaspat-intr-un-design-retro-clasic-din-nou-disponibil\/","title":{"rendered":"Ventilator de podea TVM 18: aduce o gur\u0103 de aer proasp\u0103t \u00eentr-un design retro clasic \u2013 din nou disponibil"},"content":{"rendered":"<p><a href=\"https:\/\/www.trotec-blog.com\/ro\/files\/2022\/01\/tro_blog_tvm_18_blogbild_1000x1000.jpg\"><img loading=\"lazy\" class=\"alignnone size-full wp-image-14512\" src=\"https:\/\/www.trotec-blog.com\/ro\/files\/2022\/01\/tro_blog_tvm_18_blogbild_1000x1000.jpg\" alt=\"\" width=\"1000\" height=\"1000\" srcset=\"https:\/\/www.trotec-blog.com\/ro\/files\/2022\/01\/tro_blog_tvm_18_blogbild_1000x1000.jpg 1000w, https:\/\/www.trotec-blog.com\/ro\/files\/2022\/01\/tro_blog_tvm_18_blogbild_1000x1000-200x200.jpg 200w, https:\/\/www.trotec-blog.com\/ro\/files\/2022\/01\/tro_blog_tvm_18_blogbild_1000x1000-300x300.jpg 300w, https:\/\/www.trotec-blog.com\/ro\/files\/2022\/01\/tro_blog_tvm_18_blogbild_1000x1000-768x768.jpg 768w, https:\/\/www.trotec-blog.com\/ro\/files\/2022\/01\/tro_blog_tvm_18_blogbild_1000x1000-60x60.jpg 60w\" sizes=\"(max-width: 1000px) 100vw, 1000px\" \/><\/a><\/p>\n<h2>R\u0103m\u00e2ne\u021bi cool \u00een ciuda Coronei! Datorit\u0103 descoperiri vaccinului, ar trebui s\u0103 v\u0103 aminti\u021bi remediile de cas\u0103 dovedite: p\u0103stra\u021bi distan\u021ba! poarta\u021bi o masc\u0103! Aerisi\u021bi \u00een mod regulat interiorul! \u0218i tocmai acesta este talentul special al ventilatorului nostru de podea TVM 18, care este \u00een sf\u00e2r\u0219it disponibil &#8211; ma\u0219ina eolian\u0103 are rezerve de putere enorme, o performan\u021b\u0103 conving\u0103tor de \u00eenalt\u0103 \u0219i un debit mare de aer. Suficient pentru a alunga rapid orice aerosol corona din camere prin ferestrele deschise. Faptul c\u0103 ventilatorul de podea cromat str\u0103lucitor face o figur\u0103 deosebit de bun\u0103 \u0219i va rezista la v\u00e2rfurile de temperatur\u0103 din vara viitoare este &#8211; aproape &#8211; un cadou!<\/h2>\n<p><!--more--><\/p>\n<p>Fie \u00een sufragerie sau la birou, la o petrecere sau la un concert sau, datorit\u0103 mont\u0103rii practice pe perete \u0219i tavan, \u0219i \u00een restaurant &#8211; <a href=\"https:\/\/www.trotec24.ro\/masini\/ventilatie\/ventilatoare-seria-tvm\/ventilator-de-podea-tvm-18.html?rc=783e2f47dd\" class=\"broken_link\"><strong>ventilatorul de podea TVM 18<\/strong><\/a> \u00een design retro clasic este extrem de versatil \u0219i, pe l\u00e2ng\u0103 el. putere enorm\u0103 cu zgomot de func\u021bionare relativ silen\u021bios. Acest mare avantaj face din ma\u0219ina de v\u00e2nt un erou secret \u00een \u0219edin\u021bele foto, pe platourile de filmare sau \u00een efectele de scen\u0103. Pe l\u00e2ng\u0103 o adiere rece, ventilatorul de podea ofer\u0103 suficient aer proasp\u0103t pentru ventila\u021bie \u00een orice loca\u021bie \u0219i poate fi folosit pe l\u00e2ng\u0103 generarea v\u00e2ntului \u0219i pentru uscare.<\/p>\n<h3><strong>Avantajele dumneavoastr\u0103 la un loc &#8211; ventilatorul de podea TVM 18&#8230;<\/strong><\/h3>\n<ul>\n<li>cu 100 de wa\u021bi \u0219i trei niveluri de vitez\u0103, are rezervele de putere adecvate pentru a elimina cu \u00eencredere v\u00e2rfurile de temperatur\u0103 \u00een cre\u0219tere. De la o adiere bl\u00e2nd\u0103 la v\u00e2nturi puternice p\u00e2n\u0103 la aproape o furtun\u0103 &#8211; <a href=\"https:\/\/www.trotec24.ro\/masini\/ventilatie\/ventilatoare-seria-tvm\/ventilator-de-podea-tvm-18.html?rc=783e2f47dd\" class=\"broken_link\"><strong>TVM 18<\/strong><\/a> serve\u0219te cu for\u021ba dorit\u0103 de ventilare.<\/li>\n<li>pe l\u00e2ng\u0103 o adiere r\u0103coritoare, asigur\u0103 suficient aer proasp\u0103t \u00een ventila\u021bie \u0219 poate fi utilizat \u0219i la lucr\u0103ri de uscare.<\/li>\n<li>datorit\u0103 debitului s\u0103u mare de aer \u0219i diametrului s\u0103u mare al palelor de 18 inchi, adic\u0103 aproape 45 de centimetri, elimin\u0103 chiar \u0219i cel mai fierbinte aer acumulat din camera de zi sau birou.<\/li>\n<li>este un clasic retro realizat \u00een \u00eentregime din metal robust p\u00e2n\u0103 la v\u00e2rfurile aripilor cromate \u0219i are chiar \u0219i o bobin\u0103 de cupru \u00een motor.<\/li>\n<li>are un co\u0219 rotor care poate fi \u00eenclinat cu p\u00e2n\u0103 la 110\u00b0 \u00een jurul axei sale orizontale, astfel \u00eenc\u00e2t fluxul de aer s\u0103 fie \u00eentotdeauna direc\u021bionat exact acolo unde se dore\u0219te. Debitul de aer este u\u0219or de reglat folosind panoul de control din spatele co\u0219ului.<\/li>\n<li>necesit\u0103 doar un spa\u021biu mic \u0219i poate face fa\u021b\u0103 cu u\u0219urin\u021b\u0103 \u00eencerc\u0103rilor de re\u0103sturnare: trei picioare cu suport din cauciuc antiderapant ata\u0219ate de partea inferioar\u0103 garanteaz\u0103 c\u0103 dispozitivul st\u0103 \u00een siguran\u021b\u0103. Un m\u00e2ner de transport din spate faciliteaz\u0103 transportul ventilatorului \u00een diferite loca\u021bii.<\/li>\n<\/ul>\n<h3><strong>Ventilatorul de podea TVM 18<\/strong> \u2013 calitate de marc\u0103 de la Trotec<\/h3>\n<p>Profita\u021bi de calitatea de marc\u0103 de la Trotec ca un garant al \u00eenaltei valori, siguran\u021be \u0219i func\u021bionalit\u0103\u021bi. Comanda\u021bi cel mai bine chiar astazi <a href=\"https:\/\/www.trotec24.ro\/masini\/ventilatie\/ventilatoare-seria-tvm\/ventilator-de-podea-tvm-18.html?rc=783e2f47dd\" class=\"broken_link\"><strong>ventilatorul de podea TVM 18<\/strong><\/a> la cele mai atractive pre\u021buri \u2013 acum \u00een <strong><a href=\"https:\/\/www.trotec24.ro\/\" class=\"broken_link\">Trotec-Shop<\/a>!<\/strong><\/p>\n<p><strong>Apropo:<\/strong> suportul versatil de perete \u0219i tavan este disponibil ca accesoriu op\u021bional pentru seria TVM. Ata\u0219area acestui suport este extrem de u\u0219or \u0219i rapid de montat pe dispozitiv.<\/p>\n","protected":false},"excerpt":{"rendered":"<p>R\u0103m\u00e2ne\u021bi cool \u00een ciuda Coronei! Datorit\u0103 descoperiri vaccinului, ar trebui s\u0103 v\u0103 aminti\u021bi remediile de cas\u0103 dovedite: p\u0103stra\u021bi distan\u021ba! poarta\u021bi o masc\u0103! Aerisi\u021bi \u00een mod regulat interiorul! \u0218i tocmai acesta este talentul special al ventilatorului nostru de podea TVM 18, care este \u00een sf\u00e2r\u0219it disponibil &#8211; ma\u0219ina eolian\u0103 are rezerve de putere enorme, o performan\u021b\u0103 [&hellip;]<\/p>\n","protected":false},"author":66,"featured_media":14512,"comment_status":"open","ping_status":"open","sticky":false,"template":"","format":"standard","meta":[],"categories":[6,12,2],"tags":[57,34,117,88,140],"_links":{"self":[{"href":"https:\/\/www.trotec-blog.com\/ro\/wp-json\/wp\/v2\/posts\/14511"}],"collection":[{"href":"https:\/\/www.trotec-blog.com\/ro\/wp-json\/wp\/v2\/posts"}],"about":[{"href":"https:\/\/www.trotec-blog.com\/ro\/wp-json\/wp\/v2\/types\/post"}],"author":[{"embeddable":true,"href":"https:\/\/www.trotec-blog.com\/ro\/wp-json\/wp\/v2\/users\/66"}],"replies":[{"embeddable":true,"href":"https:\/\/www.trotec-blog.com\/ro\/wp-json\/wp\/v2\/comments?post=14511"}],"version-history":[{"count":1,"href":"https:\/\/www.trotec-blog.com\/ro\/wp-json\/wp\/v2\/posts\/14511\/revisions"}],"predecessor-version":[{"id":14513,"href":"https:\/\/www.trotec-blog.com\/ro\/wp-json\/wp\/v2\/posts\/14511\/revisions\/14513"}],"wp:featuredmedia":[{"embeddable":true,"href":"https:\/\/www.trotec-blog.com\/ro\/wp-json\/wp\/v2\/media\/14512"}],"wp:attachment":[{"href":"https:\/\/www.trotec-blog.com\/ro\/wp-json\/wp\/v2\/media?parent=14511"}],"wp:term":[{"taxonomy":"category","embeddable":true,"href":"https:\/\/www.trotec-blog.com\/ro\/wp-json\/wp\/v2\/categories?post=14511"},{"taxonomy":"post_tag","embeddable":true,"href":"https:\/\/www.trotec-blog.com\/ro\/wp-json\/wp\/v2\/tags?post=14511"}],"curies":[{"name":"wp","href":"https:\/\/api.w.org\/{rel}","templated":true}]}}