{"id":14396,"date":"2022-01-03T13:03:20","date_gmt":"2022-01-03T11:03:20","guid":{"rendered":"https:\/\/www.trotec-blog.com\/ro\/?p=14396"},"modified":"2022-01-03T13:03:48","modified_gmt":"2022-01-03T11:03:48","slug":"ventilator-de-podea-tvm-13-tvm-14-o-gura-de-aer-proaspat-intr-un-design-retro-clasic-in-optica-cupru-sau-crom-in-sfarsit-din-nou-livrabile","status":"publish","type":"post","link":"https:\/\/www.trotec-blog.com\/ro\/blog\/trotec\/ventilator-de-podea-tvm-13-tvm-14-o-gura-de-aer-proaspat-intr-un-design-retro-clasic-in-optica-cupru-sau-crom-in-sfarsit-din-nou-livrabile\/","title":{"rendered":"Ventilator de podea TVM 13 \/ TVM 14: o gur\u0103 de aer proasp\u0103t \u00eentr-un design retro clasic \u00een optic\u0103 cupru sau crom &#8211; \u00een sf\u00e2r\u0219it din nou livrabile"},"content":{"rendered":"<h2><a href=\"https:\/\/www.trotec-blog.com\/ro\/blog\/trotec\/ventilator-de-podea-tvm-13-tvm-14-o-gura-de-aer-proaspat-intr-un-design-retro-clasic-in-optica-cupru-sau-crom-in-sfarsit-din-nou-livrabile\/\"><img loading=\"lazy\" class=\"alignnone size-full wp-image-14397\" src=\"https:\/\/www.trotec-blog.com\/ro\/files\/2022\/01\/tro_blog_TVM13_TVM14_blogbild_1000x1000.jpg\" alt=\"\" width=\"1000\" height=\"1000\" srcset=\"https:\/\/www.trotec-blog.com\/ro\/files\/2022\/01\/tro_blog_TVM13_TVM14_blogbild_1000x1000.jpg 1000w, https:\/\/www.trotec-blog.com\/ro\/files\/2022\/01\/tro_blog_TVM13_TVM14_blogbild_1000x1000-200x200.jpg 200w, https:\/\/www.trotec-blog.com\/ro\/files\/2022\/01\/tro_blog_TVM13_TVM14_blogbild_1000x1000-300x300.jpg 300w, https:\/\/www.trotec-blog.com\/ro\/files\/2022\/01\/tro_blog_TVM13_TVM14_blogbild_1000x1000-768x768.jpg 768w, https:\/\/www.trotec-blog.com\/ro\/files\/2022\/01\/tro_blog_TVM13_TVM14_blogbild_1000x1000-60x60.jpg 60w\" sizes=\"(max-width: 1000px) 100vw, 1000px\" \/><\/a><\/h2>\n<h2>Ventilatorul de podea TVM 13 \/ TVM 14 cu aspect retro, care este \u00een sf\u00e2r\u0219it din nou disponibil, transform\u0103 fiecare camer\u0103 \u00eentr-o scen\u0103 str\u0103lucitoare pentru marele spectacol. Aparatul de v\u00e2nt extrem de elegant este realizat \u00een \u00eentregime din metal \u0219i \u00een mare parte placat cu cupru sau cromat &#8211; \u0219i \u00een afar\u0103 de aceast\u0103 diferen\u021b\u0103 pur vizual\u0103, ambele dispozitive sunt absolut identice. \u00cen timpul utiliz\u0103rii, ventilatorul disipeaz\u0103 c\u0103ldura cu un debit mare de aer at\u00e2t acas\u0103, c\u00e2t \u0219i la birou, ofer\u0103 briza potrivit\u0103 pentru \u0219edin\u021be foto sau film\u0103ri \u0219i este, de asemenea, potrivit pentru utilizare \u00een restaurante datorit\u0103 suportului de perete \u0219i tavan care poate fi folosit ca op\u021biune.<\/h2>\n<p><!--more--><\/p>\n<p>Nu v\u0103 fie team\u0103 de vara viitoare: Echipat cu 44 de wa\u021bi de putere \u0219i un diametru al palelor de 14 inci (aproximativ 35 cm), <strong><a href=\"https:\/\/www.trotec24.ro\/masini\/ventilatie\/ventilatoare-seria-tvm\/ventilator-de-podea-tvm-13.html?rc=783e2f47dd\" class=\"broken_link\">TVM 13<\/a> \/ <a href=\"https:\/\/www.trotec24.ro\/masini\/ventilatie\/ventilatoare-seria-tvm\/ventilator-de-podea-tvm-14.html?rc=783e2f47dd\" class=\"broken_link\">TVM 14<\/a><\/strong> are rezerve de putere superioar\u0103 chiar \u0219i \u00een cazul unor v\u00e2rfuri extreme de temperatur\u0103. Ele alung\u0103 c\u0103ldura enervant\u0103 foarte de lejer at\u00e2t acas\u0103, c\u00e2t \u0219i la birou, cu un debit mare de aer \u0219i trei trepte de vitez\u0103.<\/p>\n<h3>A\u0219a func\u021bioneaz\u0103<\/h3>\n<p>Echipat cu puterea de 44 wa\u021bi \u0219i un diametru al palelor de ventilare de 14 \u021boli (aproximativ 35 cm), TVM 13 \/ TVM 14 are de asemenea rezerve de energie \u00een cazul temperaturilor extreme. Deoarece co\u0219ul rotorului poate fi \u00eenclinat p\u00e2n\u0103 la 100 \u00b0 \u00een jurul axei sale orizontale, debitul de aer poate fi adaptat optim la fiecare cerin\u021b\u0103 individual\u0103. \u00cen acest scop, ventilatorul are trei niveluri de vitez\u0103 care pot fi setate pe tabloul de control din spatele co\u0219ului rotorului din cupru. Ventila\u021bie, uscare, r\u0103cire sau briz\u0103 bl\u00e2nd\u0103 p\u00e2n\u0103 la v\u00e2nt puternic, fiecare variant\u0103 de utilizare poate fi pus\u0103 \u00een aplicare.<\/p>\n<p><a href=\"https:\/\/www.trotec24.ro\/masini\/ventilatie\/ventilatoare-seria-tvm\/ventilator-de-podea-tvm-13.html?rc=783e2f47dd\" class=\"broken_link\"><strong>Ventilatorul compact de podea TVM 13<\/strong> <\/a>\/ <a href=\"https:\/\/www.trotec24.ro\/masini\/ventilatie\/ventilatoare-seria-tvm\/ventilator-de-podea-tvm-14.html?rc=783e2f47dd\" class=\"broken_link\"><strong>TVM 14<\/strong><\/a> ocup\u0103 pu\u021bin spa\u021biu pe podea \u0219i este bine preg\u0103tit pentru o schimbare de loca\u021bie cu ajutorulul unui m\u00e2ner aflat pe spate precum \u0219i mecanismul de preluare al cablului. Toate acestea fac transportul ventilatorului foarte confortabil. Ventilatorul de podea mai de\u021bine pentru siguran\u021b\u0103 trei picioare de cauciuc antiderapant ata\u0219ate pe partea inferioar\u0103 a suportului ventilatorului.<\/p>\n<h3><strong>Patru dintre multele avantaje care pe mine m-au convins:<\/strong><\/h3>\n<ul>\n<li>puterea de 44 de wa\u021bi<\/li>\n<li>3 trepte de vitez\u0103 de ventilare<\/li>\n<li>unghi de rabatare al capului ventilator cu p\u00e2n\u0103 la 100\u00b0<\/li>\n<li>carcas\u0103 de metal \u00een design modern de cupru<\/li>\n<\/ul>\n<h3><strong>Ventilator de podea TVM 13 \u2013 calitate de marc\u0103 de la Trotec<\/strong><\/h3>\n<p>Profita\u021bi de calitatea de marc\u0103 de la Trotec ca un garant al valorii, siguran\u021bei \u0219i func\u021bionalit\u0103\u021bii. Comanda\u021bi \u00een magazinul nostru online<\/p>\n<p><a href=\"https:\/\/www.trotec24.ro\/masini\/ventilatie\/ventilatoare-seria-tvm\/ventilator-de-podea-tvm-13.html?rc=783e2f47dd\" class=\"broken_link\"><strong>ventilatorul de podea TVM 13<\/strong><\/a><\/p>\n<p><a href=\"https:\/\/www.trotec24.ro\/masini\/ventilatie\/ventilatoare-seria-tvm\/ventilator-de-podea-tvm-14.html?rc=783e2f47dd\" class=\"broken_link\"><strong>ventilatorul de podea TVM 14<\/strong><\/a><\/p>\n<p>la cele mai atractive pre\u021buri &#8211; acum \u00een <strong>Trotec-Shop<\/strong>!<\/p>\n<p>&nbsp;<\/p>\n","protected":false},"excerpt":{"rendered":"<p>Ventilatorul de podea TVM 13 \/ TVM 14 cu aspect retro, care este \u00een sf\u00e2r\u0219it din nou disponibil, transform\u0103 fiecare camer\u0103 \u00eentr-o scen\u0103 str\u0103lucitoare pentru marele spectacol. Aparatul de v\u00e2nt extrem de elegant este realizat \u00een \u00eentregime din metal \u0219i \u00een mare parte placat cu cupru sau cromat &#8211; \u0219i \u00een afar\u0103 de aceast\u0103 diferen\u021b\u0103 [&hellip;]<\/p>\n","protected":false},"author":66,"featured_media":14397,"comment_status":"open","ping_status":"open","sticky":false,"template":"","format":"standard","meta":[],"categories":[6,12,2],"tags":[34,446,185,2033],"_links":{"self":[{"href":"https:\/\/www.trotec-blog.com\/ro\/wp-json\/wp\/v2\/posts\/14396"}],"collection":[{"href":"https:\/\/www.trotec-blog.com\/ro\/wp-json\/wp\/v2\/posts"}],"about":[{"href":"https:\/\/www.trotec-blog.com\/ro\/wp-json\/wp\/v2\/types\/post"}],"author":[{"embeddable":true,"href":"https:\/\/www.trotec-blog.com\/ro\/wp-json\/wp\/v2\/users\/66"}],"replies":[{"embeddable":true,"href":"https:\/\/www.trotec-blog.com\/ro\/wp-json\/wp\/v2\/comments?post=14396"}],"version-history":[{"count":3,"href":"https:\/\/www.trotec-blog.com\/ro\/wp-json\/wp\/v2\/posts\/14396\/revisions"}],"predecessor-version":[{"id":14400,"href":"https:\/\/www.trotec-blog.com\/ro\/wp-json\/wp\/v2\/posts\/14396\/revisions\/14400"}],"wp:featuredmedia":[{"embeddable":true,"href":"https:\/\/www.trotec-blog.com\/ro\/wp-json\/wp\/v2\/media\/14397"}],"wp:attachment":[{"href":"https:\/\/www.trotec-blog.com\/ro\/wp-json\/wp\/v2\/media?parent=14396"}],"wp:term":[{"taxonomy":"category","embeddable":true,"href":"https:\/\/www.trotec-blog.com\/ro\/wp-json\/wp\/v2\/categories?post=14396"},{"taxonomy":"post_tag","embeddable":true,"href":"https:\/\/www.trotec-blog.com\/ro\/wp-json\/wp\/v2\/tags?post=14396"}],"curies":[{"name":"wp","href":"https:\/\/api.w.org\/{rel}","templated":true}]}}