{"id":14388,"date":"2022-01-03T12:51:51","date_gmt":"2022-01-03T10:51:51","guid":{"rendered":"https:\/\/www.trotec-blog.com\/ro\/?p=14388"},"modified":"2022-01-03T12:52:18","modified_gmt":"2022-01-03T10:52:18","slug":"nou-radiatorul-cu-infrarosu-ir-2200-face-din-terasa-sau-balconul-dvs-un-centru-popular-de-activitate-chiar-si-in-timpul-iernii","status":"publish","type":"post","link":"https:\/\/www.trotec-blog.com\/ro\/blog\/trotec\/nou-radiatorul-cu-infrarosu-ir-2200-face-din-terasa-sau-balconul-dvs-un-centru-popular-de-activitate-chiar-si-in-timpul-iernii\/","title":{"rendered":"NOU! Radiatorul cu infraro\u0219u IR 2200: face din terasa sau balconul dvs. un centru popular de activitate chiar \u0219i \u00een timpul iernii"},"content":{"rendered":"<p><a href=\"https:\/\/www.trotec-blog.com\/ro\/blog\/trotec\/nou-radiatorul-cu-infrarosu-ir-2200-face-din-terasa-sau-balconul-dvs-un-centru-popular-de-activitate-chiar-si-in-timpul-iernii\/\"><img loading=\"lazy\" class=\"alignnone size-full wp-image-14389\" src=\"https:\/\/www.trotec-blog.com\/ro\/files\/2022\/01\/RO_tro_blog_IR2200_blogbild_1000x1000.jpg\" alt=\"\" width=\"1000\" height=\"1000\" srcset=\"https:\/\/www.trotec-blog.com\/ro\/files\/2022\/01\/RO_tro_blog_IR2200_blogbild_1000x1000.jpg 1000w, https:\/\/www.trotec-blog.com\/ro\/files\/2022\/01\/RO_tro_blog_IR2200_blogbild_1000x1000-200x200.jpg 200w, https:\/\/www.trotec-blog.com\/ro\/files\/2022\/01\/RO_tro_blog_IR2200_blogbild_1000x1000-300x300.jpg 300w, https:\/\/www.trotec-blog.com\/ro\/files\/2022\/01\/RO_tro_blog_IR2200_blogbild_1000x1000-768x768.jpg 768w, https:\/\/www.trotec-blog.com\/ro\/files\/2022\/01\/RO_tro_blog_IR2200_blogbild_1000x1000-60x60.jpg 60w\" sizes=\"(max-width: 1000px) 100vw, 1000px\" \/><\/a><\/p>\n<h2>\u00cen perioada actual\u0103 de mare pandemie, to\u021bi cei care au ocazia s\u0103 se bucure de doza zilnic\u0103 de aer proasp\u0103t, o pot face de preferin\u021b\u0103 pe propria teras\u0103 sau balcon. Dar dac\u0103 nu vrei s\u0103 \u00eenghe\u021bi \u00een scaun \u00een frig, trebuie s\u0103 v\u0103 limita\u021bi timpul afar\u0103 la doar c\u00e2teva minute. Sau v\u0103 \u00eembr\u0103ca\u021bi mereu c\u00e2t mai bine. Radiatorul cu infraro\u0219u ofer\u0103 c\u0103ldur\u0103 direct\u0103 confortabil\u0103 pe terasa dvs. cu o singur\u0103 ap\u0103sare de buton: noul \u00eenc\u0103lzitor radiant cu infraro\u0219u IR 2200 vine cu o telecomand\u0103, plus putere de \u00eenc\u0103lzire de 2.200 W, precum \u0219i suporturi de perete \u0219i tavan extrem de elegante &#8211; \u0219i impresioneaz\u0103 prin alte solutii deosebite, atat vizual cat si termic!<\/h2>\n<p><!--more--><\/p>\n<p>Fie iarna, primavara si toamna sau in zilele racoroase de var\u0103 &#8211; cu radiatorul cu infraro\u0219u modern IR 2200 cu aspect industrial, v\u0103 pute\u021bi extinde in sfarsit zona de locuit spre exterior, independent de anotimpuri si temperaturile exterioare. Pute\u021bi sim\u021bi c\u0103ldura pl\u0103cut\u0103 \u00een infraro\u0219u a radiatorului de 1.039 mm lungime pe piele, imediat dup\u0103 ce \u00eel porni\u021bi. Pentru a putea regla intensitatea c\u0103ldurii, IR 2200 are dou\u0103 trepte de \u00eenc\u0103lzire cu 1.100 wa\u021bi \u0219i 2.200 wa\u021bi, care pot fi selectate cu ajutorul telecomenzii furnizate sau a panoului de control din lateral. \u0218i pentru ca lumina de la radiatort s\u0103 nu deranjeze atmosfera din jur, dispozitivul func\u021bioneaz\u0103 cu tuburi infraro\u0219ii Low Glare cu o reducere de 80% a luminii \u0219i cea mai recent\u0103 tehnologie de str\u0103lucire redus\u0103. Bine\u00een\u021beles, radiatorul elegant face o figur\u0103 bun\u0103 \u0219i \u00een sectorul comercial &#8211; \u0219i asigur\u0103 o cre\u0219tere vizibil\u0103 a v\u00e2nz\u0103rilor \u00een unit\u0103\u021bile gastronomice cu terase exterioare.<\/p>\n<h3><strong>A\u0219a func\u021bioneaz\u0103<\/strong><\/h3>\n<p><a href=\"https:\/\/www.trotec24.ro\/masini\/incalzire\/panouri-cu-infrarosu\/radiator-infrarosu-design-ir-2200.html?rc=783e2f47dd\" class=\"broken_link\"><strong>Radiatorul<\/strong> <strong>IR 2200<\/strong><\/a> este la fel de flexibil \u00een utilizare c\u00e2t \u0219i la amplasare \u0219i fixare. Un sistem de cablu decorativ cu o conexiune rapid\u0103 cu \u0219uruburi este deja inclus \u00een pachetul de livrare pentru montarea simpl\u0103 pe tavan. Un suport de perete, care este de asemenea furnizat, permite fixarea \u00eenc\u0103lzitorului pe perete orizontal sau vertical. Datorit\u0103 \u00eembin\u0103rii pivotante la 45 \u00b0 a montajului pe perete sau pe tavan, radia\u021bia de c\u0103ldur\u0103 pot fi \u00eendreptat\u0103 cu precizie c\u0103tre zonele cu scaune sau mese.<\/p>\n<p>Indiferent dac\u0103 este ploaie abundent\u0103 sau z\u0103pad\u0103, nori de praf sau polen: carcasa din aluminiu de design, construit\u0103 \u00een conformitate cu clasa de protec\u021bie IP66, protejeaz\u0103 \u00een mod fiabil tehnologia dispozitivului de praf, murd\u0103rie \u0219i stropi de ap\u0103 din toate p\u0103r\u021bile. Aceasta \u00eenseamn\u0103 c\u0103 \u00eenc\u0103lzitorul cu infraro\u0219u robust IR 2200 este recomandat \u0219i \u00een zonele exterioare neacoperite, cum ar fi \u00een unit\u0103\u021bile gastronomice, pentru \u00eenc\u0103lzirea pe toat\u0103 perioada anului la o instalare permanent\u0103.<\/p>\n<p><a href=\"https:\/\/www.trotec24.ro\/masini\/incalzire\/panouri-cu-infrarosu\/radiator-infrarosu-design-ir-2200.html?rc=783e2f47dd\" class=\"broken_link\"><strong>IR 2200<\/strong><\/a> de la Trotec are dou\u0103 tuburi cu infraro\u0219u cu unde scurte cu tehnologie de reducere a luminii Low Glare. Trebuie s\u0103 \u0219ti\u021bi c\u0103 undele scurte cu str\u0103lucire sc\u0103zut\u0103 produc o propor\u021bie mai mare de lumin\u0103 infraro\u0219ie din gama de lumin\u0103 invizibil\u0103 &#8211; \u0219i asta cu o putere de \u00eenc\u0103lzire nediminuat\u0103. Deoarece lumina perceptibil\u0103 este redus\u0103 semnificativ, impresia unei atmosfere confortabile la lumina lum\u00e2n\u0103rilor este creat\u0103 \u00een imediata apropiere a \u00eenc\u0103lzitorului radiant, iar atmosfera este vizibil mai pl\u0103cut\u0103. Un concept de iluminat deja existent pe teras\u0103 sau \u00een industria de catering este general mai pu\u021bin afectat.<\/p>\n<h3><strong>Patru dintre avantajele care pe mine m-au convins:<\/strong><\/h3>\n<ul>\n<li>\u00cenc\u0103lzire cu infraro\u0219u f\u0103r\u0103 pre\u00eenc\u0103lzire<\/li>\n<li>Repartizarea uniform\u0103 \u0219i orientat\u0103 a c\u0103ldurii<\/li>\n<li>Acurat, f\u0103r\u0103 condens, f\u0103r\u0103 miros \u0219i f\u0103r\u0103 zgomot<\/li>\n<li>Nu turbioneaz\u0103 praful \u0219i de aceea este utilizabil de c\u0103tre cei alergici<\/li>\n<\/ul>\n<h3><strong>Radiatorul cu infraro\u0219u IR 2200 \u2013 calitate de marc\u0103 de la Trotec<\/strong><\/h3>\n<p><a href=\"https:\/\/www.trotec24.ro\/masini\/incalzire\/panouri-cu-infrarosu\/radiator-infrarosu-design-ir-2200.html?rc=783e2f47dd\" class=\"broken_link\"><strong>Profita\u021bi de calitatea de marc\u0103 de la Trotec ca un garant al \u00eenaltei valori, siguran\u021be \u0219i func\u021bionalit\u0103\u021bi. Comanda\u021bi chiar ast\u0103zi \u00een magazinul nostru online radiatorul cu infraro\u0219u IR 2200 la cele mai atractive pre\u021buri \u2013 acum \u00een Trotec-Shop!<\/strong><\/a><\/p>\n<p><strong><em>Livrare \u00eencep\u00e2nd cu s\u0103pt\u0103m\u00e2na calendaristic\u0103 10<\/em><\/strong><\/p>\n","protected":false},"excerpt":{"rendered":"<p>\u00cen perioada actual\u0103 de mare pandemie, to\u021bi cei care au ocazia s\u0103 se bucure de doza zilnic\u0103 de aer proasp\u0103t, o pot face de preferin\u021b\u0103 pe propria teras\u0103 sau balcon. Dar dac\u0103 nu vrei s\u0103 \u00eenghe\u021bi \u00een scaun \u00een frig, trebuie s\u0103 v\u0103 limita\u021bi timpul afar\u0103 la doar c\u00e2teva minute. Sau v\u0103 \u00eembr\u0103ca\u021bi mereu c\u00e2t [&hellip;]<\/p>\n","protected":false},"author":66,"featured_media":14389,"comment_status":"open","ping_status":"open","sticky":false,"template":"","format":"standard","meta":[],"categories":[6,12,2],"tags":[455,2032,187,918,34],"_links":{"self":[{"href":"https:\/\/www.trotec-blog.com\/ro\/wp-json\/wp\/v2\/posts\/14388"}],"collection":[{"href":"https:\/\/www.trotec-blog.com\/ro\/wp-json\/wp\/v2\/posts"}],"about":[{"href":"https:\/\/www.trotec-blog.com\/ro\/wp-json\/wp\/v2\/types\/post"}],"author":[{"embeddable":true,"href":"https:\/\/www.trotec-blog.com\/ro\/wp-json\/wp\/v2\/users\/66"}],"replies":[{"embeddable":true,"href":"https:\/\/www.trotec-blog.com\/ro\/wp-json\/wp\/v2\/comments?post=14388"}],"version-history":[{"count":6,"href":"https:\/\/www.trotec-blog.com\/ro\/wp-json\/wp\/v2\/posts\/14388\/revisions"}],"predecessor-version":[{"id":14395,"href":"https:\/\/www.trotec-blog.com\/ro\/wp-json\/wp\/v2\/posts\/14388\/revisions\/14395"}],"wp:featuredmedia":[{"embeddable":true,"href":"https:\/\/www.trotec-blog.com\/ro\/wp-json\/wp\/v2\/media\/14389"}],"wp:attachment":[{"href":"https:\/\/www.trotec-blog.com\/ro\/wp-json\/wp\/v2\/media?parent=14388"}],"wp:term":[{"taxonomy":"category","embeddable":true,"href":"https:\/\/www.trotec-blog.com\/ro\/wp-json\/wp\/v2\/categories?post=14388"},{"taxonomy":"post_tag","embeddable":true,"href":"https:\/\/www.trotec-blog.com\/ro\/wp-json\/wp\/v2\/tags?post=14388"}],"curies":[{"name":"wp","href":"https:\/\/api.w.org\/{rel}","templated":true}]}}