{"id":1407,"date":"2015-06-01T12:25:40","date_gmt":"2015-06-01T10:25:40","guid":{"rendered":"https:\/\/www.trotec-blog.com\/ro\/?p=1407"},"modified":"2022-04-11T09:23:54","modified_gmt":"2022-04-11T07:23:54","slug":"noul-ventilator-ttv-4500-s","status":"publish","type":"post","link":"https:\/\/www.trotec-blog.com\/ro\/blog\/trotec\/noul-ventilator-ttv-4500-s\/","title":{"rendered":"Noul ventilator TTV 4500 S"},"content":{"rendered":"<p><img loading=\"lazy\" class=\"alignnone wp-image-1409 size-full\" src=\"https:\/\/www.trotec-blog.com\/ro\/files\/2015\/06\/tro_blog_Ventilator_TTV_4500_S_banner.jpg\" alt=\"tro_blog_Ventilator_TTV_4500_S_banner\" width=\"700\" height=\"300\" srcset=\"https:\/\/www.trotec-blog.com\/ro\/files\/2015\/06\/tro_blog_Ventilator_TTV_4500_S_banner.jpg 700w, https:\/\/www.trotec-blog.com\/ro\/files\/2015\/06\/tro_blog_Ventilator_TTV_4500_S_banner-300x129.jpg 300w\" sizes=\"(max-width: 700px) 100vw, 700px\" \/> <strong>Dac\u0103 pe un \u015fantier aerul nu circul\u0103, construc\u0163ia se usuc\u0103 doar \u00eencet, fapt ce implic\u0103 pierdere de timp \u015fi pierderi financiare \u00een cadrul proiectului. O ventilare corespunz\u0103toare poate fi salvarea necesar\u0103. <\/strong><\/p>\n<p>\u00cen aerul ce nu se mi\u015fc\u0103 se adun\u0103 praful, \u015fi cine dore\u015fte s\u0103 lucreze \u00een astfel de condi\u0163ii? Face\u0163i v\u00e2nt la locul de munc\u0103, asigur\u00e2nd un aer curat, indiferent dac\u0103 e vorba de un \u015fantier sau de renovarea unei \u00eenc\u0103peri, \u00een hale sau ateliere. Noul ventilator TTV 4500 S v\u0103 ajut\u0103 s\u0103 ave\u0163i mereu un aer proasp\u0103t \u015fi curat. Comanda\u0163i-l acum, \u015fi asigura\u0163i-v\u0103 un pre\u0163 excelent de ofert\u0103! Livrarea poate avea loc \u00eencep\u00e2nd cu sf\u00e2r\u015fitul lunii iunie.<\/p>\n<p>Noul <a href=\"https:\/\/https:\/\/ro.trotec.com\/shop\/\/masini\/ventilatie\/ventilatoare-axiale\/ventilator-ttv-4500-s.html\" class=\"broken_link\">ventilator axial TTV 4500 S<\/a> de la Trotec e compact, robust \u015fi atinge o capacitate mare de ventilare. Un debit mare de 5000 mc pe or\u0103 \u015fi o presiune de 130 pascal sunt garan\u0163ia calit\u0103\u0163ii. Aceasta corespunde unui debit de p\u00e2n\u0103 la aproape 1400 l\/sec. Cu o asemenea capacitate, TTV 4500 S ventileaz\u0103 \u015fi halele mai mari. Construc\u0163iile noi se usuc\u0103 astfel rapid, iar particulele de praf vor fi \u00eendep\u0103rtate rapid din \u00eenc\u0103pere.<\/p>\n<p>Sensul de suflare poate fi reglat f\u0103r\u0103 probleme, astfel c\u0103 dvs. ve\u0163i putea realiza nu doar aerisiri rapide: la \u015ftu\u0163ul de racord pute\u0163i fixa un furtun de aer sau un sac de praf, pentru a evacua aerul viciat. Presiunea poate fi reglat\u0103 la nevoie \u015fi pute\u0163i chiar s\u0103 conecta\u0163i mai multe <a href=\"https:\/\/www.trotec24.ro\/masini\/ventilatie\" class=\"broken_link\">ventilatoare <\/a>TTV 4500 S \u00eentre ele. Dac\u0103 ave\u0163i nevoie de v\u00e2nt pe \u00een\u0103l\u0163ime, pute\u0163i stivui p\u00e2n\u0103 la 3 ventilatoare.<\/p>\n<p><a href=\"https:\/\/https:\/\/ro.trotec.com\/shop\/\/masini\/ventilatie\/ventilatoare-axiale\/ventilator-ttv-4500-s.html\" class=\"broken_link\">TTV 4500 S<\/a> e u\u015for de deservit, fiind dotat cu multe detalii inteligente. \u00cen ciuda caracterului robust \u015fi a carcasei integrale u\u015foare, ventilatorul are \u015fi \u015ftu\u0163uri de montare furtun, dispozitiv de fixare a cablului, picior cauciucat, priz\u0103 integrat\u0103 \u015fi contor de ore de func\u0163ionare.<\/p>\n<p>Avantaje practice:<br \/>\n* Capacitate mare, reglabil\u0103 pe dou\u0103 trepte<br \/>\n* Carcas\u0103 integral\u0103 robust\u0103<br \/>\n* Utilizarea concomitent\u0103 a mai multor aparate conectate, \u015fi prin stivuire<br \/>\n* Priz\u0103 integrat\u0103 \u015fi contor de ore de func\u0163ionare<\/p>\n<p>Alege\u0163i un ventilator de aer marca Trotec. Consulta\u0163i oferta noastr\u0103 vast\u0103 de modele de <a href=\"https:\/\/https:\/\/ro.trotec.com\/shop\/\/masini\/ventilatie\/ventilatoare-axiale\" class=\"broken_link\">ventilatoare axiale<\/a>, <a href=\"https:\/\/https:\/\/ro.trotec.com\/shop\/\/masini\/ventilatie\/ventilatoare-centrifugale\" class=\"broken_link\">ventilatoare centrifugale<\/a> \u015fi <a href=\"https:\/\/https:\/\/ro.trotec.com\/shop\/\/masini\/ventilatie\/masini-de-vant\" class=\"broken_link\">generatoare de v\u00e2nt<\/a>.<\/p>\n","protected":false},"excerpt":{"rendered":"<p>Dac\u0103 pe un \u015fantier aerul nu circul\u0103, construc\u0163ia se usuc\u0103 doar \u00eencet, fapt ce implic\u0103 pierdere de timp \u015fi pierderi financiare \u00een cadrul proiectului. O ventilare corespunz\u0103toare poate fi salvarea necesar\u0103. <\/p>\n","protected":false},"author":66,"featured_media":1411,"comment_status":"open","ping_status":"open","sticky":false,"template":"","format":"standard","meta":[],"categories":[6,11,2],"tags":[34,24,25,20],"_links":{"self":[{"href":"https:\/\/www.trotec-blog.com\/ro\/wp-json\/wp\/v2\/posts\/1407"}],"collection":[{"href":"https:\/\/www.trotec-blog.com\/ro\/wp-json\/wp\/v2\/posts"}],"about":[{"href":"https:\/\/www.trotec-blog.com\/ro\/wp-json\/wp\/v2\/types\/post"}],"author":[{"embeddable":true,"href":"https:\/\/www.trotec-blog.com\/ro\/wp-json\/wp\/v2\/users\/66"}],"replies":[{"embeddable":true,"href":"https:\/\/www.trotec-blog.com\/ro\/wp-json\/wp\/v2\/comments?post=1407"}],"version-history":[{"count":14,"href":"https:\/\/www.trotec-blog.com\/ro\/wp-json\/wp\/v2\/posts\/1407\/revisions"}],"predecessor-version":[{"id":14981,"href":"https:\/\/www.trotec-blog.com\/ro\/wp-json\/wp\/v2\/posts\/1407\/revisions\/14981"}],"wp:featuredmedia":[{"embeddable":true,"href":"https:\/\/www.trotec-blog.com\/ro\/wp-json\/wp\/v2\/media\/1411"}],"wp:attachment":[{"href":"https:\/\/www.trotec-blog.com\/ro\/wp-json\/wp\/v2\/media?parent=1407"}],"wp:term":[{"taxonomy":"category","embeddable":true,"href":"https:\/\/www.trotec-blog.com\/ro\/wp-json\/wp\/v2\/categories?post=1407"},{"taxonomy":"post_tag","embeddable":true,"href":"https:\/\/www.trotec-blog.com\/ro\/wp-json\/wp\/v2\/tags?post=1407"}],"curies":[{"name":"wp","href":"https:\/\/api.w.org\/{rel}","templated":true}]}}