{"id":13688,"date":"2021-09-02T07:05:47","date_gmt":"2021-09-02T05:05:47","guid":{"rendered":"https:\/\/www.trotec-blog.com\/ro\/?p=13688"},"modified":"2022-04-11T09:35:05","modified_gmt":"2022-04-11T07:35:05","slug":"deschide-ochii-la-achizitionarea-unui-uscator-3-9-nu-peste-tot-unde-sta-scris-dezumidificator-exista-destula-putere-de-dezumidificare","status":"publish","type":"post","link":"https:\/\/www.trotec-blog.com\/ro\/blog\/trotec\/deschide-ochii-la-achizitionarea-unui-uscator-3-9-nu-peste-tot-unde-sta-scris-dezumidificator-exista-destula-putere-de-dezumidificare\/","title":{"rendered":"Deschide ochii la achizi\u021bionarea unui usc\u0103tor! (3\/9) Nu peste tot unde st\u0103 scris dezumidificator, exist\u0103 destul\u0103 putere de dezumidificare"},"content":{"rendered":"<p><a href=\"https:\/\/www.trotec-blog.com\/ro\/blog\/trotec\/deschide-ochii-la-achizitionarea-unui-uscator-3-9-nu-peste-tot-unde-sta-scris-dezumidificator-exista-destula-putere-de-dezumidificare\/\"><img loading=\"lazy\" class=\"alignnone size-full wp-image-13689\" src=\"https:\/\/www.trotec-blog.com\/ro\/files\/2021\/09\/RO_tro_blog_Trocknerkauf_3von9_blogbild_1000x1000.jpg\" alt=\"\" width=\"1000\" height=\"1000\" srcset=\"https:\/\/www.trotec-blog.com\/ro\/files\/2021\/09\/RO_tro_blog_Trocknerkauf_3von9_blogbild_1000x1000.jpg 1000w, https:\/\/www.trotec-blog.com\/ro\/files\/2021\/09\/RO_tro_blog_Trocknerkauf_3von9_blogbild_1000x1000-200x200.jpg 200w, https:\/\/www.trotec-blog.com\/ro\/files\/2021\/09\/RO_tro_blog_Trocknerkauf_3von9_blogbild_1000x1000-300x300.jpg 300w, https:\/\/www.trotec-blog.com\/ro\/files\/2021\/09\/RO_tro_blog_Trocknerkauf_3von9_blogbild_1000x1000-768x768.jpg 768w, https:\/\/www.trotec-blog.com\/ro\/files\/2021\/09\/RO_tro_blog_Trocknerkauf_3von9_blogbild_1000x1000-60x60.jpg 60w\" sizes=\"(max-width: 1000px) 100vw, 1000px\" \/><\/a><\/p>\n<h2>Inunda\u021bii, subsoluri pline, ap\u0103 \u00een garaj: furtuna a provocat daune severe \u0219i inunda\u021bii \u00een p\u0103r\u021bi mari din Germania. Dup\u0103 furtun\u0103, este momentul s\u0103 repar\u0103m daunele. <a href=\"https:\/\/www.trotec24.ro\/scule\/pompe-de-apa\/pompe-submersibile?rc=783e2f47dd\" class=\"broken_link\"><strong>Pompele submersibile<\/strong><\/a>, <a href=\"https:\/\/https:\/\/ro.trotec.com\/shop\/\/masini\/incalzire\/aeroterme-electrice?rc=783e2f47dd\" class=\"broken_link\"><strong>\u00eenc\u0103lzitoarele<\/strong><\/a> \u0219i mai ales <a href=\"https:\/\/www.trotec24.ro\/masini\/dezumidificarea-aerului?rc=783e2f47dd\" class=\"broken_link\"><strong>dezumidificatoarele<\/strong><\/a> sunt \u00een plin\u0103 expansiune \u00een magazine \u0219i \u00een shopurile online. Cererea mare de dezumidificatoare cu tehnologie puternic\u0103 de compresoarelor a adus numeroase oferte dubioase pe pia\u021b\u0103. Necesitatea este mama inventiei! Cine nu dispune de un dispozitiv de uscare adecvat pentru prevenirea mucegaiului \u00een sortiment, declar\u0103 pur \u0219i simplu dispozitivele nepotrivite ca o arm\u0103 miraculoas\u0103 \u00eempotriva umidit\u0103\u021bii excesiv de mari.<\/h2>\n<p><!--more--><\/p>\n<p>Dac\u0103, ca profan, a\u021bi citit descrierea furnizorului unor dezumidificatoare Peltier (denumite \u0219i dezumidificatoare semiconductoare, electrice sau mini), pute\u021bi avea rapid impresia c\u0103 acestea sunt adev\u0103rate minuni care fac utilizarea dispozitivelor cu compresoare de prisos \u00een multe domenii. Cu toate acestea, deziluzia apare rapid atunci c\u00e2nd pivni\u021ba umed\u0103 nu vrea s\u0103 se usuce nici dup\u0103 s\u0103pt\u0103m\u00e2ni \u0219i mucegaiul \u00eenflore\u0219te \u00een ciuda dezumidificatorului Peltier.<\/p>\n<p>Cu aceast\u0103 serie de consiliere, am dori s\u0103 contrast\u0103m laudele Peltier ale furnizorilor dubio\u0219i cu fapte grave, astfel \u00eenc\u00e2t s\u0103 v\u0103 pute\u021bi informa obiectiv \u00eenainte de a investi \u0219i s\u0103 evita\u021bi achizi\u021biile inutile.<\/p>\n<h3><strong>Mit 3: \u201ePeltier- respectiv dezumidificatoarele semiconductoare sunt super eficiente \u0219i consum\u0103 pu\u021bin curent\u201c<\/strong><\/h3>\n<p>C\u00e2nd citi\u021bi datele tehnice ale dezumidificatoarelor Peltier, consumul de energie atrage imediat aten\u021bia. Doar 40, 30 sau chiar 20 de wa\u021bi pe or\u0103, ceea ce este mult mai eficient din punct de vedere energetic dec\u00e2t consumul dezumidificatoarelor cu compresor care \u00eencep de la 200 de wa\u021bi pe or\u0103.<\/p>\n<p>Sun\u0103 prea bine ca s\u0103 fie adev\u0103rat \u0219i, prin urmare, este doar jum\u0103tate de adev\u0103r. Nu consumul orar este important aici, ci doar puterea real\u0103. Pentru a spune direct: \u201eC\u00e2t\u0103 energie electric\u0103 trebuie s\u0103 investi\u021bi pentru a scoate ce dori\u021bi?\u201d<\/p>\n<p>Acum calculul arat\u0103 brusc complet diferit. Pentru a condensa un litru de ap\u0103 din aer, un dezumidificator Peltier mediu trebuie s\u0103 utilizeze de obicei aproximativ 2.400 de wa\u021bi de energie electric\u0103! Un dezumidificator compact cu compresor, pe de alt\u0103 parte, are nevoie de aproximativ 493 de wa\u021bi pentru 1 litru.<\/p>\n<h3><strong>Dezumidificatorul semiconductor are nevoie de aproape cinci ori mai mult curent pentru aceea\u0219i performan\u021b\u0103 de dezumidificare!\u00b9<\/strong><\/h3>\n<h5>\u00b92.400 de wa\u021bi de energie electric\u0103 (80 x 30). Dezumidificator tipic cu compresor cu consum de energie de 290 W \/ h \u0219i performan\u021b\u0103 de dezumidificare 14 l \/ 24h (la 30 \u00b0 C \/ 80% u.r.). Pentru a condensa un litru de ap\u0103 din aer, acest dispozitiv este nevoie de 1,7 ore \u0219i 493 wa\u021bi de energie electric\u0103 (1,7 x 290).<\/h5>\n<h5>\u00b2 Baza de calcul: Pre\u021bul de achizi\u021bie al dezumidificatoarelor tipice Peltier cu capacitate dezumidificatoare de 300 ml \/ 24 h &#8211; 40 euro, pre\u021bul de achizi\u021bie al dezumidificatoarelor tipice de aer cu compresor cu capacitate dezumidificatoare de 14 litri \/ 24 h -100 euro. Costurile de achizi\u021bie pe litru de capacitate de dezumidificare sunt: \u200b\u200bPeltier 133 euro (40 \u00f7 0,3), compresor 7,14 euro (100 \u00f7 14)<\/h5>\n<p><strong>C\u00e2nd alege\u021bi un dezumidificator, nu v\u0103 l\u0103sa\u021bi indu\u0219i \u00een eroare de consumul orar dat \u00een titlu, ci acorda\u021bi aten\u021bie eficien\u021bei active.<\/strong><\/p>\n<h3><strong>Nu e mit: dezumidificatoarele Peltier sunt produse de ni\u0219\u0103 semnificative<br \/>\n<\/strong><\/h3>\n<p>\u0218i asta \u00een sensul cel mai adev\u0103rat al cuv\u00e2ntului: dezumidificatoarele de aer semiconductoare sunt de fapt potrivite pentru dezumidificarea aerului \u00een \u00eenc\u0103peri mici, \u00eenchise, cu dimensiuni foarte mici. De aceea, Trotec, ca lider de lung\u0103 durat\u0103 pe pia\u021ba dezumidific\u0103rii mobile a aerului, are \u00een gama sa astfel de dezumidificatoare cu semiconductori.<\/p>\n<p><a href=\"https:\/\/www.trotec24.ro\/masini\/dezumidificarea-aerului?rc=783e2f47dd\" class=\"broken_link\"><img loading=\"lazy\" class=\"alignnone size-full wp-image-13662\" src=\"https:\/\/www.trotec-blog.com\/ro\/files\/2021\/08\/RO_Banner_Peltier_Luftentfeuchter_Shop.jpg\" alt=\"\" width=\"1000\" height=\"200\" srcset=\"https:\/\/www.trotec-blog.com\/ro\/files\/2021\/08\/RO_Banner_Peltier_Luftentfeuchter_Shop.jpg 1000w, https:\/\/www.trotec-blog.com\/ro\/files\/2021\/08\/RO_Banner_Peltier_Luftentfeuchter_Shop-300x60.jpg 300w, https:\/\/www.trotec-blog.com\/ro\/files\/2021\/08\/RO_Banner_Peltier_Luftentfeuchter_Shop-768x154.jpg 768w, https:\/\/www.trotec-blog.com\/ro\/files\/2021\/08\/RO_Banner_Peltier_Luftentfeuchter_Shop-200x40.jpg 200w\" sizes=\"(max-width: 1000px) 100vw, 1000px\" \/><\/a><\/p>\n<p>Aceste dispozitive sunt ideale pentru p\u0103strarea uscat\u0103 a hainelor \u0219i a dulapurilor pentru \u00eenc\u0103l\u021b\u0103minte, a camerelor de depozitare a alimentelor sau a camerelor de toalet\u0103 f\u0103r\u0103 ferestre, nici mai mult \u0219i nici mai pu\u021bin.<\/p>\n<h3><strong>Dac\u0103 trebui cu adev\u0103rat s\u0103 fie uscat \u2013 dezumidificatoare cu compresoare<\/strong><\/h3>\n<p>Numai <a href=\"https:\/\/www.trotec24.ro\/masini\/dezumidificarea-aerului\/dezumidificatoare-cu-absorbtie?rc=783e2f47dd\" class=\"broken_link\"><strong>dezumidificatoarele de adsorb\u021bie<\/strong><\/a> sau <a href=\"https:\/\/www.trotec24.ro\/masini\/dezumidificarea-aerului\/dezumidificatoare-cu-absorbtie?rc=783e2f47dd\" class=\"broken_link\"><strong>dezumidificatoarele de condensare<\/strong><\/a> cu tehnologie cu compresor sunt potrivite pentru p\u0103strarea \u00eenc\u0103perilor mai mari de 10 m\u00b2 uscate \u0219i pentru uscare dup\u0103 deteriorarea cauzat\u0103 de ap\u0103.<\/p>\n<p>Descoperi\u021bi gama noastr\u0103 larg\u0103 de dezumidificatoare:<\/p>\n<p><strong>Dezumidificatoare mobile confort din seria TTK<\/strong><br \/>\n<a href=\"https:\/\/ro.trotec.com\/shop\/dezumidificator-ttk-71-e.html?rc=783e2f47dd\" class=\"broken_link\"><img loading=\"lazy\" class=\"alignnone size-full wp-image-13651\" src=\"https:\/\/www.trotec-blog.com\/ro\/files\/2021\/08\/RO_Banner_Luftentfeuchter_TTK-Serie_Shop.jpg\" alt=\"\" width=\"1000\" height=\"200\" srcset=\"https:\/\/www.trotec-blog.com\/ro\/files\/2021\/08\/RO_Banner_Luftentfeuchter_TTK-Serie_Shop.jpg 1000w, https:\/\/www.trotec-blog.com\/ro\/files\/2021\/08\/RO_Banner_Luftentfeuchter_TTK-Serie_Shop-300x60.jpg 300w, https:\/\/www.trotec-blog.com\/ro\/files\/2021\/08\/RO_Banner_Luftentfeuchter_TTK-Serie_Shop-768x154.jpg 768w, https:\/\/www.trotec-blog.com\/ro\/files\/2021\/08\/RO_Banner_Luftentfeuchter_TTK-Serie_Shop-200x40.jpg 200w\" sizes=\"(max-width: 1000px) 100vw, 1000px\" \/><\/a><\/p>\n<p><strong>Dezumidificatoare4 profesionale comerciale din seria TTK<\/strong><br \/>\n<a href=\"https:\/\/ro.trotec.com\/shop\/\"><img loading=\"lazy\" class=\"alignnone size-full wp-image-13652\" src=\"https:\/\/www.trotec-blog.com\/ro\/files\/2021\/08\/RO_Banner_Gewerbeluftentfeuchter_TTK_Shop.jpg\" alt=\"\" width=\"1000\" height=\"200\" srcset=\"https:\/\/www.trotec-blog.com\/ro\/files\/2021\/08\/RO_Banner_Gewerbeluftentfeuchter_TTK_Shop.jpg 1000w, https:\/\/www.trotec-blog.com\/ro\/files\/2021\/08\/RO_Banner_Gewerbeluftentfeuchter_TTK_Shop-300x60.jpg 300w, https:\/\/www.trotec-blog.com\/ro\/files\/2021\/08\/RO_Banner_Gewerbeluftentfeuchter_TTK_Shop-768x154.jpg 768w, https:\/\/www.trotec-blog.com\/ro\/files\/2021\/08\/RO_Banner_Gewerbeluftentfeuchter_TTK_Shop-200x40.jpg 200w\" sizes=\"(max-width: 1000px) 100vw, 1000px\" \/><\/a><\/p>\n<p><strong>Usc\u0103toare din seria TTK<\/strong><br \/>\n<a href=\"https:\/\/www.trotec24.ro\/masini\/dezumidificarea-aerului\/dezumidificatoare-pentru-constructii-seria-ttk?rc=783e2f47dd\" class=\"broken_link\"><img loading=\"lazy\" class=\"alignnone wp-image-13653 size-full\" src=\"https:\/\/www.trotec-blog.com\/ro\/files\/2021\/08\/RO_Banner_Bautrockner_Shop.jpg\" alt=\"\" width=\"1000\" height=\"200\" srcset=\"https:\/\/www.trotec-blog.com\/ro\/files\/2021\/08\/RO_Banner_Bautrockner_Shop.jpg 1000w, https:\/\/www.trotec-blog.com\/ro\/files\/2021\/08\/RO_Banner_Bautrockner_Shop-300x60.jpg 300w, https:\/\/www.trotec-blog.com\/ro\/files\/2021\/08\/RO_Banner_Bautrockner_Shop-768x154.jpg 768w, https:\/\/www.trotec-blog.com\/ro\/files\/2021\/08\/RO_Banner_Bautrockner_Shop-200x40.jpg 200w\" sizes=\"(max-width: 1000px) 100vw, 1000px\" \/><\/a><\/p>\n<p><strong>Dezumidificatoare de perete din seria VPR+<\/strong><br \/>\n<a href=\"https:\/\/www.trotec24.ro\/masini\/dezumidificarea-aerului\/dezumidificatoare-seria-vpr?rc=783e2f47dd\" class=\"broken_link\"><img loading=\"lazy\" class=\"alignnone size-full wp-image-13654\" src=\"https:\/\/www.trotec-blog.com\/ro\/files\/2021\/08\/RO_Banner_VPR_Luftentfeuchter_Shop.jpg\" alt=\"\" width=\"1000\" height=\"200\" srcset=\"https:\/\/www.trotec-blog.com\/ro\/files\/2021\/08\/RO_Banner_VPR_Luftentfeuchter_Shop.jpg 1000w, https:\/\/www.trotec-blog.com\/ro\/files\/2021\/08\/RO_Banner_VPR_Luftentfeuchter_Shop-300x60.jpg 300w, https:\/\/www.trotec-blog.com\/ro\/files\/2021\/08\/RO_Banner_VPR_Luftentfeuchter_Shop-768x154.jpg 768w, https:\/\/www.trotec-blog.com\/ro\/files\/2021\/08\/RO_Banner_VPR_Luftentfeuchter_Shop-200x40.jpg 200w\" sizes=\"(max-width: 1000px) 100vw, 1000px\" \/><\/a><\/p>\n<p><strong>Dezumidificatoare de piscin\u0103 din seria DS<\/strong><br \/>\n<a href=\"https:\/\/www.trotec24.ro\/masini\/dezumidificarea-aerului\/dezumidificatoare-pentru-piscine-seria-ds?rc=783e2f47dd\" class=\"broken_link\"><img loading=\"lazy\" class=\"alignnone size-full wp-image-13655\" src=\"https:\/\/www.trotec-blog.com\/ro\/files\/2021\/08\/RO_Banner_Schwimmbadluftentfeuchter_Shop.jpg\" alt=\"\" width=\"1000\" height=\"200\" srcset=\"https:\/\/www.trotec-blog.com\/ro\/files\/2021\/08\/RO_Banner_Schwimmbadluftentfeuchter_Shop.jpg 1000w, https:\/\/www.trotec-blog.com\/ro\/files\/2021\/08\/RO_Banner_Schwimmbadluftentfeuchter_Shop-300x60.jpg 300w, https:\/\/www.trotec-blog.com\/ro\/files\/2021\/08\/RO_Banner_Schwimmbadluftentfeuchter_Shop-768x154.jpg 768w, https:\/\/www.trotec-blog.com\/ro\/files\/2021\/08\/RO_Banner_Schwimmbadluftentfeuchter_Shop-200x40.jpg 200w\" sizes=\"(max-width: 1000px) 100vw, 1000px\" \/><\/a><\/p>\n<h3><strong>Utiliza\u021bi instrumentul nostru online confortabil pentru calcularea capacit\u0103\u021bii individuale necesare <\/strong><\/h3>\n<p>\u00cen cel mai simplu mod pute\u021bi aici configurat\u0103 cu u\u0219urin\u021b\u0103 \u0219i ve\u021bi primi o recomandare personalizat\u0103 &#8211; de la dezumidificatoare compacte Peltier la dezumidificatoare de confort, \u00een func\u021bie de scenariul cerin\u021belor!<br \/>\n<a href=\"https:\/\/ro.trotec.com\/produse-si-servicii\/service\/calcul-capacitate\/calcul-capacitate-dezumidificare\/homecomfort\/\" class=\"broken_link\"><img loading=\"lazy\" class=\"alignnone size-full wp-image-13656\" src=\"https:\/\/www.trotec-blog.com\/ro\/files\/2021\/08\/RO_Banner_Luftentfeuchtungsrechner.jpg\" alt=\"\" width=\"1000\" height=\"200\" srcset=\"https:\/\/www.trotec-blog.com\/ro\/files\/2021\/08\/RO_Banner_Luftentfeuchtungsrechner.jpg 1000w, https:\/\/www.trotec-blog.com\/ro\/files\/2021\/08\/RO_Banner_Luftentfeuchtungsrechner-300x60.jpg 300w, https:\/\/www.trotec-blog.com\/ro\/files\/2021\/08\/RO_Banner_Luftentfeuchtungsrechner-768x154.jpg 768w, https:\/\/www.trotec-blog.com\/ro\/files\/2021\/08\/RO_Banner_Luftentfeuchtungsrechner-200x40.jpg 200w\" sizes=\"(max-width: 1000px) 100vw, 1000px\" \/><\/a><\/p>\n","protected":false},"excerpt":{"rendered":"<p>Inunda\u021bii, subsoluri pline, ap\u0103 \u00een garaj: furtuna a provocat daune severe \u0219i inunda\u021bii \u00een p\u0103r\u021bi mari din Germania. Dup\u0103 furtun\u0103, este momentul s\u0103 repar\u0103m daunele. Pompele submersibile, \u00eenc\u0103lzitoarele \u0219i mai ales dezumidificatoarele sunt \u00een plin\u0103 expansiune \u00een magazine \u0219i \u00een shopurile online. Cererea mare de dezumidificatoare cu tehnologie puternic\u0103 de compresoarelor a adus numeroase oferte [&hellip;]<\/p>\n","protected":false},"author":66,"featured_media":0,"comment_status":"open","ping_status":"open","sticky":false,"template":"","format":"standard","meta":[],"categories":[6,8,2,41,22],"tags":[125,1942,1941,398,337,34],"_links":{"self":[{"href":"https:\/\/www.trotec-blog.com\/ro\/wp-json\/wp\/v2\/posts\/13688"}],"collection":[{"href":"https:\/\/www.trotec-blog.com\/ro\/wp-json\/wp\/v2\/posts"}],"about":[{"href":"https:\/\/www.trotec-blog.com\/ro\/wp-json\/wp\/v2\/types\/post"}],"author":[{"embeddable":true,"href":"https:\/\/www.trotec-blog.com\/ro\/wp-json\/wp\/v2\/users\/66"}],"replies":[{"embeddable":true,"href":"https:\/\/www.trotec-blog.com\/ro\/wp-json\/wp\/v2\/comments?post=13688"}],"version-history":[{"count":7,"href":"https:\/\/www.trotec-blog.com\/ro\/wp-json\/wp\/v2\/posts\/13688\/revisions"}],"predecessor-version":[{"id":15461,"href":"https:\/\/www.trotec-blog.com\/ro\/wp-json\/wp\/v2\/posts\/13688\/revisions\/15461"}],"wp:attachment":[{"href":"https:\/\/www.trotec-blog.com\/ro\/wp-json\/wp\/v2\/media?parent=13688"}],"wp:term":[{"taxonomy":"category","embeddable":true,"href":"https:\/\/www.trotec-blog.com\/ro\/wp-json\/wp\/v2\/categories?post=13688"},{"taxonomy":"post_tag","embeddable":true,"href":"https:\/\/www.trotec-blog.com\/ro\/wp-json\/wp\/v2\/tags?post=13688"}],"curies":[{"name":"wp","href":"https:\/\/api.w.org\/{rel}","templated":true}]}}