{"id":13637,"date":"2021-08-27T06:36:08","date_gmt":"2021-08-27T04:36:08","guid":{"rendered":"https:\/\/www.trotec-blog.com\/ro\/?p=13637"},"modified":"2022-04-11T09:26:05","modified_gmt":"2022-04-11T07:26:05","slug":"la-sfarsit-de-saptamana-scad-temperaturile-zile-reci-si-umede-ninsoare-in-alpi-primul-inghet-este-bine-ca-trotec-mai-are-destule-incalzitoare-inca","status":"publish","type":"post","link":"https:\/\/www.trotec-blog.com\/ro\/blog\/trotec\/la-sfarsit-de-saptamana-scad-temperaturile-zile-reci-si-umede-ninsoare-in-alpi-primul-inghet-este-bine-ca-trotec-mai-are-destule-incalzitoare-inca\/","title":{"rendered":"La sf\u00e2r\u0219it de s\u0103pt\u0103m\u00e2n\u0103 scad temperaturile: zile reci \u0219i umede! Ninsoare \u00een Alpi! Primul \u00eenghe\u021b! Este bine c\u0103 Trotec mai are destule \u00eenc\u0103lzitoare! \u00cenca!"},"content":{"rendered":"<p><a href=\"https:\/\/www.trotec-blog.com\/ro\/blog\/trotec\/la-sfarsit-de-saptamana-scad-temperaturile-zile-reci-si-umede-ninsoare-in-alpi-primul-inghet-este-bine-ca-trotec-mai-are-destule-incalzitoare-inca\/\"><img loading=\"lazy\" class=\"alignnone size-full wp-image-13638\" src=\"https:\/\/www.trotec-blog.com\/ro\/files\/2021\/08\/RO_tro_blog_Heizer_gegen_Frost_blogbild_1000x1000.jpg\" alt=\"\" width=\"1000\" height=\"1000\" srcset=\"https:\/\/www.trotec-blog.com\/ro\/files\/2021\/08\/RO_tro_blog_Heizer_gegen_Frost_blogbild_1000x1000.jpg 1000w, https:\/\/www.trotec-blog.com\/ro\/files\/2021\/08\/RO_tro_blog_Heizer_gegen_Frost_blogbild_1000x1000-200x200.jpg 200w, https:\/\/www.trotec-blog.com\/ro\/files\/2021\/08\/RO_tro_blog_Heizer_gegen_Frost_blogbild_1000x1000-300x300.jpg 300w, https:\/\/www.trotec-blog.com\/ro\/files\/2021\/08\/RO_tro_blog_Heizer_gegen_Frost_blogbild_1000x1000-768x768.jpg 768w, https:\/\/www.trotec-blog.com\/ro\/files\/2021\/08\/RO_tro_blog_Heizer_gegen_Frost_blogbild_1000x1000-60x60.jpg 60w\" sizes=\"(max-width: 1000px) 100vw, 1000px\" \/><\/a><\/p>\n<h2>Meteorologii anun\u021b\u0103 o sc\u0103dere brusc\u0103 a temperaturii pentru weekendul care vine. Chiar \u0219i ninsoarea \u00een zonele alpine \u00eenalte este posibil\u0103 \u0219i se avertizeaz\u0103 cu privire la primul \u00eenghe\u021b de la sol! Deci toamna rece \u0219i umed\u0103 este \u00een afara u\u0219ii noastre de la intrare &#8211; este timpul s\u0103 oferim c\u0103ldur\u0103 confortabil\u0103 \u00een interior cu dispozitive de \u00eenc\u0103lzire adecvate. Cine s\u0103 le livreze mai bine dec\u00e2t exper\u021bii \u00een aer condi\u021bionat \u00een care ave\u021bi \u00eencredere, care au \u00eentotdeauna exact \u00eenc\u0103lzitorul potrivit \u00een gama lor pentru fiecare cerin\u021b\u0103? \u0218i \u00eentotdeauna la un pre\u021b mic imbatabil? Cine? Exact!<\/h2>\n<p><!--more--><br \/>\nGama noastr\u0103 de dispozitive de \u00eenc\u0103lzire include at\u00e2t dispozitive mobile, c\u00e2t \u0219i instalate permanent, at\u00e2t mici \u0219i compacte, precum \u0219i solu\u021bii profesionale mari \u0219i puternice.<\/p>\n<ul>\n<li>Gastronomii care doresc s\u0103 \u00ee\u0219i foloseasc\u0103 terasele \u00een aer liber, sigur \u00eempotriva pandemiei, pentru divertisment \u00een weekendurile viitoare reci, vor g\u0103si performan\u021be la noi <a href=\"https:\/\/www.trotec24.ro\/masini\/incalzire\/panouri-cu-infrarosu?rc=783e2f47dd\" target=\"_blank\" rel=\"noopener\" class=\"broken_link\"><strong>\u00cenc\u0103lzitoare de teras\u0103 \u0219i cu infraro\u0219u<\/strong><\/a><\/li>\n<\/ul>\n<p><a href=\"https:\/\/www.trotec-blog.com\/ro\/files\/2021\/08\/Infrarotheizstrahler.jpg\"><img loading=\"lazy\" class=\"alignnone size-full wp-image-13639\" src=\"https:\/\/www.trotec-blog.com\/ro\/files\/2021\/08\/Infrarotheizstrahler.jpg\" alt=\"\" width=\"1000\" height=\"380\" srcset=\"https:\/\/www.trotec-blog.com\/ro\/files\/2021\/08\/Infrarotheizstrahler.jpg 1000w, https:\/\/www.trotec-blog.com\/ro\/files\/2021\/08\/Infrarotheizstrahler-300x114.jpg 300w, https:\/\/www.trotec-blog.com\/ro\/files\/2021\/08\/Infrarotheizstrahler-768x292.jpg 768w, https:\/\/www.trotec-blog.com\/ro\/files\/2021\/08\/Infrarotheizstrahler-200x76.jpg 200w\" sizes=\"(max-width: 1000px) 100vw, 1000px\" \/><\/a><\/p>\n<ul>\n<li>Pentru companiile de construc\u021bii \u0219i renov\u0103ri care au \u00een prezent m\u00e2inile pline, oferim \u00eenc\u0103lzire mobil\u0103 cu \u00eenc\u0103lzitoarele electrice profesionale de la <a href=\"https:\/\/https:\/\/ro.trotec.com\/shop\/\/masini\/incalzire\/aeroterme-electrice?rc=783e2f47dd\" class=\"broken_link\"><strong>seria<\/strong> <strong>TDS<\/strong><\/a> precum \u0219i <a href=\"https:\/\/www.trotec24.ro\/masini\/incalzire\/aeroterme-pe-ulei?rc=783e2f47dd\" class=\"broken_link\"><strong>tunuri de \u00eenc\u0103lzire<\/strong><\/a><\/li>\n<\/ul>\n<p><a href=\"https:\/\/www.trotec-blog.com\/ro\/files\/2021\/08\/TDS_IDE-Serie.jpg\"><img loading=\"lazy\" class=\"alignnone size-full wp-image-13640\" src=\"https:\/\/www.trotec-blog.com\/ro\/files\/2021\/08\/TDS_IDE-Serie.jpg\" alt=\"\" width=\"1000\" height=\"380\" srcset=\"https:\/\/www.trotec-blog.com\/ro\/files\/2021\/08\/TDS_IDE-Serie.jpg 1000w, https:\/\/www.trotec-blog.com\/ro\/files\/2021\/08\/TDS_IDE-Serie-300x114.jpg 300w, https:\/\/www.trotec-blog.com\/ro\/files\/2021\/08\/TDS_IDE-Serie-768x292.jpg 768w, https:\/\/www.trotec-blog.com\/ro\/files\/2021\/08\/TDS_IDE-Serie-200x76.jpg 200w\" sizes=\"(max-width: 1000px) 100vw, 1000px\" \/><\/a><\/p>\n<ul>\n<li>Pentru cei care nu doresc s\u0103 porneasc\u0103 \u00eenc\u0103lzirea mare acas\u0103 sau la birou, avem \u00een gama noastr\u0103 \u00eenc\u0103lzitoarele cu ventilator cu \u00eenc\u0103lzire confortabil\u0103, aerotermele din <a href=\"https:\/\/https:\/\/ro.trotec.com\/shop\/\/masini\/incalzire\/aeroterma-electrica?rc=783e2f47dd\" class=\"broken_link\"><strong>seria TFH<\/strong><\/a> sau <a href=\"https:\/\/https:\/\/ro.trotec.com\/shop\/\/masini\/incalzire\/aeroterma-electrica?rc=783e2f47dd\" class=\"broken_link\"><strong>TFC<\/strong><\/a><\/li>\n<\/ul>\n<p><a href=\"https:\/\/www.trotec-blog.com\/ro\/files\/2021\/08\/TFH_TFC-Serie.jpg\"><img loading=\"lazy\" class=\"alignnone size-full wp-image-13641\" src=\"https:\/\/www.trotec-blog.com\/ro\/files\/2021\/08\/TFH_TFC-Serie.jpg\" alt=\"\" width=\"1000\" height=\"380\" srcset=\"https:\/\/www.trotec-blog.com\/ro\/files\/2021\/08\/TFH_TFC-Serie.jpg 1000w, https:\/\/www.trotec-blog.com\/ro\/files\/2021\/08\/TFH_TFC-Serie-300x114.jpg 300w, https:\/\/www.trotec-blog.com\/ro\/files\/2021\/08\/TFH_TFC-Serie-768x292.jpg 768w, https:\/\/www.trotec-blog.com\/ro\/files\/2021\/08\/TFH_TFC-Serie-200x76.jpg 200w\" sizes=\"(max-width: 1000px) 100vw, 1000px\" \/><\/a><\/p>\n<ul>\n<li>\u0218i pentru toat\u0103 lumea care iube\u0219te lini\u0219tea, avem la alegere \u00eenc\u0103lzitoarele absolut f\u0103r\u0103 zgomot, <a href=\"https:\/\/www.trotec24.ro\/masini\/incalzire\/convectoare-electrice?rc=783e2f47dd\" class=\"broken_link\"><strong>convectoarele din<\/strong> <strong>seria TCH<\/strong><\/a> \u0219i <strong><a href=\"https:\/\/www.trotec24.ro\/masini\/incalzire\/panouri-cu-infrarosu?rc=783e2f47dd\" class=\"broken_link\">pl\u0103cile de \u00eenc\u0103lzire cu infraro\u0219u din seria TIH<\/a> <\/strong><\/li>\n<\/ul>\n<p><a href=\"https:\/\/www.trotec-blog.com\/ro\/files\/2021\/08\/TCH_TIH.jpg\"><img loading=\"lazy\" class=\"alignnone size-full wp-image-13642\" src=\"https:\/\/www.trotec-blog.com\/ro\/files\/2021\/08\/TCH_TIH.jpg\" alt=\"\" width=\"1000\" height=\"380\" srcset=\"https:\/\/www.trotec-blog.com\/ro\/files\/2021\/08\/TCH_TIH.jpg 1000w, https:\/\/www.trotec-blog.com\/ro\/files\/2021\/08\/TCH_TIH-300x114.jpg 300w, https:\/\/www.trotec-blog.com\/ro\/files\/2021\/08\/TCH_TIH-768x292.jpg 768w, https:\/\/www.trotec-blog.com\/ro\/files\/2021\/08\/TCH_TIH-200x76.jpg 200w\" sizes=\"(max-width: 1000px) 100vw, 1000px\" \/><\/a><\/p>\n<h3><strong>Un sf\u00e2r\u0219it de s\u0103pt\u0103m\u00e2n\u0103 \u00eenconjurat de c\u0103ldur\u0103 \u2013 cu \u00eenc\u0103lzitoarele electrice de calitate marca Trotec<\/strong><\/h3>\n<p>Profita\u021bi de calitatea de marc\u0103 de la Trotec ca un garant al \u00eenaltei valori, siguran\u021be \u0219i func\u021bionalit\u0103\u021bi. Comanda\u021bi chiar ast\u0103zi \u00eenc\u0103lzitorul Trotec dorit, \u00een magazinul nostru online, la cele mai atractive pre\u021buri \u2013 acum \u00een <a href=\"https:\/\/www.trotec24.ro\/masini\/incalzire\" class=\"broken_link\"><strong>Trotec-Shop<\/strong><\/a>!<\/p>\n","protected":false},"excerpt":{"rendered":"<p>Meteorologii anun\u021b\u0103 o sc\u0103dere brusc\u0103 a temperaturii pentru weekendul care vine. Chiar \u0219i ninsoarea \u00een zonele alpine \u00eenalte este posibil\u0103 \u0219i se avertizeaz\u0103 cu privire la primul \u00eenghe\u021b de la sol! Deci toamna rece \u0219i umed\u0103 este \u00een afara u\u0219ii noastre de la intrare &#8211; este timpul s\u0103 oferim c\u0103ldur\u0103 confortabil\u0103 \u00een interior cu dispozitive [&hellip;]<\/p>\n","protected":false},"author":66,"featured_media":13638,"comment_status":"open","ping_status":"open","sticky":false,"template":"","format":"standard","meta":[],"categories":[6,8,2],"tags":[31,379,32,1940,34,916],"_links":{"self":[{"href":"https:\/\/www.trotec-blog.com\/ro\/wp-json\/wp\/v2\/posts\/13637"}],"collection":[{"href":"https:\/\/www.trotec-blog.com\/ro\/wp-json\/wp\/v2\/posts"}],"about":[{"href":"https:\/\/www.trotec-blog.com\/ro\/wp-json\/wp\/v2\/types\/post"}],"author":[{"embeddable":true,"href":"https:\/\/www.trotec-blog.com\/ro\/wp-json\/wp\/v2\/users\/66"}],"replies":[{"embeddable":true,"href":"https:\/\/www.trotec-blog.com\/ro\/wp-json\/wp\/v2\/comments?post=13637"}],"version-history":[{"count":7,"href":"https:\/\/www.trotec-blog.com\/ro\/wp-json\/wp\/v2\/posts\/13637\/revisions"}],"predecessor-version":[{"id":15276,"href":"https:\/\/www.trotec-blog.com\/ro\/wp-json\/wp\/v2\/posts\/13637\/revisions\/15276"}],"wp:featuredmedia":[{"embeddable":true,"href":"https:\/\/www.trotec-blog.com\/ro\/wp-json\/wp\/v2\/media\/13638"}],"wp:attachment":[{"href":"https:\/\/www.trotec-blog.com\/ro\/wp-json\/wp\/v2\/media?parent=13637"}],"wp:term":[{"taxonomy":"category","embeddable":true,"href":"https:\/\/www.trotec-blog.com\/ro\/wp-json\/wp\/v2\/categories?post=13637"},{"taxonomy":"post_tag","embeddable":true,"href":"https:\/\/www.trotec-blog.com\/ro\/wp-json\/wp\/v2\/tags?post=13637"}],"curies":[{"name":"wp","href":"https:\/\/api.w.org\/{rel}","templated":true}]}}