{"id":13551,"date":"2021-08-12T07:20:23","date_gmt":"2021-08-12T05:20:23","guid":{"rendered":"https:\/\/www.trotec-blog.com\/ro\/?p=13551"},"modified":"2021-08-12T07:38:03","modified_gmt":"2021-08-12T05:38:03","slug":"curentul-din-sahara-aduce-caldura-in-germania-in-curand-vor-fi-din-nou-temperaturi-de-vara-ventilatoarele-aparatele-de-aer-conditionat-si-racitoarele-de-aer-de-la-trotec-asigura-o-racire-placuta-si","status":"publish","type":"post","link":"https:\/\/www.trotec-blog.com\/ro\/blog\/trotec\/curentul-din-sahara-aduce-caldura-in-germania-in-curand-vor-fi-din-nou-temperaturi-de-vara-ventilatoarele-aparatele-de-aer-conditionat-si-racitoarele-de-aer-de-la-trotec-asigura-o-racire-placuta-si\/","title":{"rendered":"Curentul din Sahara aduce c\u0103ldur\u0103 \u00een Germania. \u00cen cur\u00e2nd vor fi din nou temperaturi de var\u0103. Ventilatoarele, aparatele de aer condi\u021bionat \u0219i r\u0103citoarele de aer de la Trotec asigur\u0103 o r\u0103cire pl\u0103cut\u0103 \u0219i proasp\u0103t\u0103"},"content":{"rendered":"<h2><a href=\"https:\/\/www.trotec-blog.com\/ro\/blog\/trotec\/curentul-din-sahara-aduce-caldura-in-germania-in-curand-vor-fi-din-nou-temperaturi-de-vara-ventilatoarele-aparatele-de-aer-conditionat-si-racitoarele-de-aer-de-la-trotec-asigura-o-racire-placuta-si\/\"><img loading=\"lazy\" class=\"alignnone size-full wp-image-13552\" src=\"https:\/\/www.trotec-blog.com\/ro\/files\/2021\/08\/RO_tro_blog_Hitzewelle_blogbild_1000x1000.jpg\" alt=\"\" width=\"1000\" height=\"1000\" srcset=\"https:\/\/www.trotec-blog.com\/ro\/files\/2021\/08\/RO_tro_blog_Hitzewelle_blogbild_1000x1000.jpg 1000w, https:\/\/www.trotec-blog.com\/ro\/files\/2021\/08\/RO_tro_blog_Hitzewelle_blogbild_1000x1000-200x200.jpg 200w, https:\/\/www.trotec-blog.com\/ro\/files\/2021\/08\/RO_tro_blog_Hitzewelle_blogbild_1000x1000-300x300.jpg 300w, https:\/\/www.trotec-blog.com\/ro\/files\/2021\/08\/RO_tro_blog_Hitzewelle_blogbild_1000x1000-768x768.jpg 768w, https:\/\/www.trotec-blog.com\/ro\/files\/2021\/08\/RO_tro_blog_Hitzewelle_blogbild_1000x1000-60x60.jpg 60w\" sizes=\"(max-width: 1000px) 100vw, 1000px\" \/><\/a><\/h2>\n<h2>\u00cen August va fi \u00eenc\u0103 var\u0103 \u0219i c\u0103ldur\u0103! Dup\u0103 zile r\u0103coroase \u0219i umede, se \u00eenc\u0103lze\u0219te \u00eencet, dar sigur \u00een Germania. De miercuri, se va ajunge la o temperatur\u0103 de 30 de grade \u00een sud-vest. Masele de aer foarte calde se vor r\u0103sp\u00e2ndi apoi \u00een estul \u021b\u0103rii. Acestea sunt temperaturile din Sahara! A\u0219a c\u0103 este timpul s\u0103 v\u0103 crea\u021bi proprii patru pere\u021bi \u0219i biroul \u201erezistent la c\u0103ldur\u0103\u201d: cu r\u0103cire r\u0103coritoare de la ventilatoare, aparate de aer condi\u021bionat sau r\u0103citoare de aer \u00een calitatea m\u0103rcii Trotec pentru fiecare nevoie, fiecare m\u0103rime, fiecare gust!<\/h2>\n<p><!--more--><\/p>\n<p>De s\u0103pt\u0103m\u00e2ni \u00eentregi a existat un val de c\u0103ldur\u0103 insuportabil\u0103 \u00een Grecia \u0219i Turcia, dar \u0219i \u00een sudul Italiei. Valorile au ajuns p\u00e2n\u0103 la 46 de grade. Acestea sunt temperaturi pe care cu greu le putem imagina. \u00cen acest moment c\u0103ldura a ajuns deja \u00een Spania, inclusiv \u00een Mallorca \u0219i Fran\u021ba \u0219i va ajunge \u00een Germania. Dac\u0103 nu dori\u021bi s\u0103 transpira\u021bi \u0219i s\u0103 suferi\u021bi aici, ar trebui pur \u0219i simplu s\u0103 opri\u021bi c\u0103ldura acas\u0103 \u0219i la birou cu dispozitivele de aer condi\u021bionat mobile \u0219i flexibile de la Trotec. \u00cen magazinul nostru online sau \u00een magazinul nostru din Heinsberg, ve\u021bi g\u0103si \u0219i primi exact aerul condi\u021bionat potrivit pentru spa\u021biul dvs. de locuit \u0219i \/ sau de birou, r\u0103citorul de aer \u0219i ventilatorul care este perfect adaptat nevoilor dvs. \u00eentotdeauna la un pre\u021b imbatabil. Pentru a avea la timp produsul dorit, ar trebui s\u0103 \u00eel comanda\u021bi online, astfel \u00eenc\u00e2t s\u0103 ave\u021bi ceva care s\u0103 contracareze c\u0103ldura \u00een weekend..<\/p>\n<ul>\n<li><strong>Aparate de climatizare din seria PAC \u2013 cea mai bun\u0103 clim\u0103 pentru acas\u0103 \u0219i birou<\/strong><br \/>\n\u00centr-un timp foarte scurt, unit\u0103\u021bile de aer condi\u021bionat mobile elegante din <a href=\"https:\/\/www.trotec24.ro\/masini\/climatizare\/aparate-de-aer-conditionat-seria-pac?rc=783e2f47dd\" class=\"broken_link\"><strong>seria PAC<\/strong><\/a> asigur\u0103 temperaturi pl\u0103cute \u0219i reci \u00een apartament, \u00een ateliere, birouri, galerii, s\u0103li de practic\u0103, \u00een apartamente de vacan\u021b\u0103 \u0219i buticuri &#8211; tocmai acolo unde este important un climat interior permanent \u0219i optim. Aparatele de climatizare din seria PAC compacte \u0219i puternice sunt gata de utilizare oriunde \u0219i oric\u00e2nd. Spectrul unit\u0103\u021bilor noastre de aer condi\u021bionat mobile variaz\u0103 de la modele cu o capacitate de r\u0103cire de 2 kW la o capacitate de 3,9 kW pentru camere mari de p\u00e2n\u0103 la 52 m\u00b2.<\/li>\n<\/ul>\n<p><a href=\"https:\/\/www.trotec24.ro\/masini\/climatizare\/aparate-de-aer-conditionat-seria-pac?rc=783e2f47dd\" class=\"broken_link\"><img loading=\"lazy\" class=\"alignnone size-full wp-image-13553\" src=\"https:\/\/www.trotec-blog.com\/ro\/files\/2021\/08\/RO_Banner_PAC-Serie_Shop.jpg\" alt=\"\" width=\"1000\" height=\"200\" srcset=\"https:\/\/www.trotec-blog.com\/ro\/files\/2021\/08\/RO_Banner_PAC-Serie_Shop.jpg 1000w, https:\/\/www.trotec-blog.com\/ro\/files\/2021\/08\/RO_Banner_PAC-Serie_Shop-300x60.jpg 300w, https:\/\/www.trotec-blog.com\/ro\/files\/2021\/08\/RO_Banner_PAC-Serie_Shop-768x154.jpg 768w, https:\/\/www.trotec-blog.com\/ro\/files\/2021\/08\/RO_Banner_PAC-Serie_Shop-200x40.jpg 200w\" sizes=\"(max-width: 1000px) 100vw, 1000px\" \/><\/a><\/p>\n<ul>\n<li><strong>Aparat de climatizare de perete de tip Monoblock\u00a0 PAC-W 2600 SH<\/strong><br \/>\nSistemul inteligent modern, complet \u00een alb, de aer condi\u021bionat <a href=\"https:\/\/www.trotec24.ro\/masini\/climatizare\/aparate-de-aer-conditionat-seria-pac\/clima-de-perete-pac-w-2600-sh.html?rc=783e2f47dd\" class=\"broken_link\"><strong>PAC &#8211; W 2600 SH<\/strong><\/a> nu necesit\u0103 o unitate extern\u0103 iar instalarea \u00een apartamente este de obicei f\u0103r\u0103 probleme. Doar dou\u0103 g\u0103uri (\u2205 18 cm) \u00eentr-un perete care duce spre exterior sunt necesare pentru a instala dispozitivul elegant de design pe perete \u00een interior. Aerul proasp\u0103t intr\u0103 \u00een camer\u0103 prin liniile de intrare \u0219i ie\u0219ire a aerului \u0219i \u00een schimb c\u0103ldura este transportat\u0103 din interior spre exterior. Deoarece unitatea de aer condi\u021bionat\u0103 montat\u0103 pe perete PAC &#8211; W 2600 SH r\u0103ce\u0219te f\u0103r\u0103 un schimb\u0103tor de c\u0103ldur\u0103 extern, nu este necesar s\u0103 instala\u021bi un circuit frigorific \u00eentre sistemul de climatizare \u0219i unitatea extern\u0103. Prin urmare, nu sunt necesari instalatori specializa\u021bi pentru montare.<\/li>\n<\/ul>\n<p><a href=\"https:\/\/www.trotec24.ro\/masini\/climatizare\/aparate-de-aer-conditionat-seria-pac\/clima-de-perete-pac-w-2600-sh.html?rc=783e2f47dd\" class=\"broken_link\"><img loading=\"lazy\" class=\"alignnone size-full wp-image-13554\" src=\"https:\/\/www.trotec-blog.com\/ro\/files\/2021\/08\/RO_Banner_PAC-W_2600_SH_Shop.jpg\" alt=\"\" width=\"1000\" height=\"200\" srcset=\"https:\/\/www.trotec-blog.com\/ro\/files\/2021\/08\/RO_Banner_PAC-W_2600_SH_Shop.jpg 1000w, https:\/\/www.trotec-blog.com\/ro\/files\/2021\/08\/RO_Banner_PAC-W_2600_SH_Shop-300x60.jpg 300w, https:\/\/www.trotec-blog.com\/ro\/files\/2021\/08\/RO_Banner_PAC-W_2600_SH_Shop-768x154.jpg 768w, https:\/\/www.trotec-blog.com\/ro\/files\/2021\/08\/RO_Banner_PAC-W_2600_SH_Shop-200x40.jpg 200w\" sizes=\"(max-width: 1000px) 100vw, 1000px\" \/><\/a><\/p>\n<ul>\n<li><strong>R\u0103citoarele de aer din seria PAE \u2013 aclimatizare natural\u0103 cu ajutorul r\u0103cirii prin evaporare<\/strong><br \/>\nR\u0103cirea cu aer utiliz\u00e2nd tehnologia de evaporare este o metod\u0103 de r\u0103cire complet natural\u0103 \u0219i, \u00een plus, rentabil\u0103, f\u0103r\u0103 cerin\u021be de energie externe pentru procesul de r\u0103cire. Cu <a href=\"https:\/\/www.trotec24.ro\/masini\/climatizare\/racitoare-de-aer?rc=783e2f47dd\" class=\"broken_link\"><strong>r\u0103citoarele de aer mobile din seria PAE<\/strong><\/a>, Trotec ofer\u0103 o solu\u021bie deosebit de inteligent\u0103 \u0219i eficient\u0103 din punct de vedere energetic pentru controlul pl\u0103cut al temperaturii \u00een camere mici \u0219i mijlocii. Concepute de obicei ca dispozitive 3-\u00een-1, r\u0103citoarele noastre de aer asigur\u0103 un climat excelent de confort, cu r\u0103cire complet\u0103 a aerului, ventila\u021bie \u0219i \u00eemprosp\u0103tare a aerului. \u0218i spre deosebire de unit\u0103\u021bile de aer condi\u021bionat conven\u021bionale, r\u0103citoarele de aer func\u021bioneaz\u0103 f\u0103r\u0103 agen\u021bi frigorifici chimici \u0219i f\u0103r\u0103 instala\u021bii complexe &#8211; nici m\u0103car furtunul obi\u0219nuit de aer de evacuare de pe u\u0219i sau ferestre nu este necesar la r\u0103citoarele noastre inovative Aircooler<\/li>\n<\/ul>\n<p><a href=\"https:\/\/www.trotec-blog.com\/ro\/files\/2021\/08\/RO_Banner_PAE-Serie_Shop.jpg\"><img loading=\"lazy\" class=\"alignnone size-full wp-image-13555\" src=\"https:\/\/www.trotec-blog.com\/ro\/files\/2021\/08\/RO_Banner_PAE-Serie_Shop.jpg\" alt=\"\" width=\"1000\" height=\"200\" srcset=\"https:\/\/www.trotec-blog.com\/ro\/files\/2021\/08\/RO_Banner_PAE-Serie_Shop.jpg 1000w, https:\/\/www.trotec-blog.com\/ro\/files\/2021\/08\/RO_Banner_PAE-Serie_Shop-300x60.jpg 300w, https:\/\/www.trotec-blog.com\/ro\/files\/2021\/08\/RO_Banner_PAE-Serie_Shop-768x154.jpg 768w, https:\/\/www.trotec-blog.com\/ro\/files\/2021\/08\/RO_Banner_PAE-Serie_Shop-200x40.jpg 200w\" sizes=\"(max-width: 1000px) 100vw, 1000px\" \/><\/a><\/p>\n<ul>\n<li><strong>Ventilatoare din <a href=\"https:\/\/www.trotec24.ro\/masini\/ventilatie\/ventilatoare-seria-tve?rc=783e2f47dd\" class=\"broken_link\">seria TVE<\/a>&#8211; \u0219i <a href=\"https:\/\/www.trotec24.ro\/masini\/ventilatie\/ventilatoare-seria-tvm?rc=783e2f47dd\" class=\"broken_link\">seria TVM<\/a> \u2013 \u00een variante verticale, de tip turn, de mas\u0103 sau de podea<br \/>\n<\/strong>Spre deosebire de un sistem de aer condi\u021bionat, un ventilator nu trebuie s\u0103 r\u0103ceasc\u0103 \u00eentregul aer al camerei \u00eentr-o manier\u0103 consumatoare de energie. Dac\u0103 v\u00e2ntul generat de ventilator love\u0219te pielea uman\u0103, filmul de transpira\u021bie se evapor\u0103 \u0219i se creeaz\u0103 evaporarea rece. Acest principiu func\u021bioneaz\u0103 oriunde ave\u021bi nevoie de o gur\u0103 de aer proasp\u0103t, fie \u00een cas\u0103, fie \u00een birou cu orice tip de ventilator, fie c\u0103 v\u0103 baza\u021bi pe ventilatoare de piedestal, ventilatoare turn, ventilatoare de mas\u0103 sau ventilatoare de podea. Toate ventilatoarele mobile de la Trotec din <a href=\"https:\/\/www.trotec24.ro\/masini\/ventilatie\/ventilatoare-seria-tve?rc=783e2f47dd\" class=\"broken_link\"><strong>seria TVE<\/strong><\/a> \u0219i <a href=\"https:\/\/www.trotec24.ro\/masini\/ventilatie\/ventilatoare-seria-tvm?rc=783e2f47dd\" class=\"broken_link\"><strong>TVM<\/strong><\/a> se caracterizeaz\u0103 printr-un raport pre\u021b-performan\u021b\u0103 unic, pot fi folosite flexibil \u00een orice spa\u021biu interior \u0219i sunt imbatabili \u00een ceea ce prive\u0219te achizi\u021bia \u0219i costurile de operare.<\/li>\n<\/ul>\n<p><a href=\"https:\/\/www.trotec24.ro\/masini\/ventilatie?rc=783e2f47dd\" class=\"broken_link\"><img loading=\"lazy\" class=\"alignnone size-full wp-image-13556\" src=\"https:\/\/www.trotec-blog.com\/ro\/files\/2021\/08\/RO_Banner_TVE_TVM_Shop.jpg\" alt=\"\" width=\"1000\" height=\"200\" srcset=\"https:\/\/www.trotec-blog.com\/ro\/files\/2021\/08\/RO_Banner_TVE_TVM_Shop.jpg 1000w, https:\/\/www.trotec-blog.com\/ro\/files\/2021\/08\/RO_Banner_TVE_TVM_Shop-300x60.jpg 300w, https:\/\/www.trotec-blog.com\/ro\/files\/2021\/08\/RO_Banner_TVE_TVM_Shop-768x154.jpg 768w, https:\/\/www.trotec-blog.com\/ro\/files\/2021\/08\/RO_Banner_TVE_TVM_Shop-200x40.jpg 200w\" sizes=\"(max-width: 1000px) 100vw, 1000px\" \/><\/a><\/p>\n<ul>\n<li>\n<h3><strong>Aparate de climatizare, r\u0103citoare de aer, ventilatoare \u2013 calitate de marc\u0103 de la Trotec!<\/strong><\/h3>\n<p>Cu aparatele de aer condi\u021bionat, r\u0103citoarele de aer \u0219i ventilatoarele, beneficia\u021bi de calitatea m\u0103rcii Trotec ca o garan\u021bie pentru calitate \u00eenalt\u0103, siguran\u021b\u0103 \u0219i func\u021bionalitate, precum \u0219i de pre\u021burile noastre de ofert\u0103 reduse. Arunca\u021bi o privire \u00een magazinul nostru \u0219i ve\u021bi g\u0103si garantat oferta potrivit\u0103 de aer condi\u021bionat care s\u0103 v\u0103 satisfac\u0103 dorin\u021bele &#8211; \u00een magazinul nostru din Heinsberg sau online \u00een <a href=\"https:\/\/www.trotec24.ro\/masini\" target=\"_blank\" rel=\"noopener\" class=\"broken_link\"><strong>Trotec-Shop<\/strong><\/a>!<\/li>\n<\/ul>\n<p>&nbsp;<\/p>\n","protected":false},"excerpt":{"rendered":"<p>\u00cen August va fi \u00eenc\u0103 var\u0103 \u0219i c\u0103ldur\u0103! Dup\u0103 zile r\u0103coroase \u0219i umede, se \u00eenc\u0103lze\u0219te \u00eencet, dar sigur \u00een Germania. De miercuri, se va ajunge la o temperatur\u0103 de 30 de grade \u00een sud-vest. Masele de aer foarte calde se vor r\u0103sp\u00e2ndi apoi \u00een estul \u021b\u0103rii. Acestea sunt temperaturile din Sahara! A\u0219a c\u0103 este timpul [&hellip;]<\/p>\n","protected":false},"author":66,"featured_media":13552,"comment_status":"open","ping_status":"open","sticky":false,"template":"","format":"standard","meta":[],"categories":[6,8,12,2],"tags":[1187,56,100,34,169],"_links":{"self":[{"href":"https:\/\/www.trotec-blog.com\/ro\/wp-json\/wp\/v2\/posts\/13551"}],"collection":[{"href":"https:\/\/www.trotec-blog.com\/ro\/wp-json\/wp\/v2\/posts"}],"about":[{"href":"https:\/\/www.trotec-blog.com\/ro\/wp-json\/wp\/v2\/types\/post"}],"author":[{"embeddable":true,"href":"https:\/\/www.trotec-blog.com\/ro\/wp-json\/wp\/v2\/users\/66"}],"replies":[{"embeddable":true,"href":"https:\/\/www.trotec-blog.com\/ro\/wp-json\/wp\/v2\/comments?post=13551"}],"version-history":[{"count":12,"href":"https:\/\/www.trotec-blog.com\/ro\/wp-json\/wp\/v2\/posts\/13551\/revisions"}],"predecessor-version":[{"id":13569,"href":"https:\/\/www.trotec-blog.com\/ro\/wp-json\/wp\/v2\/posts\/13551\/revisions\/13569"}],"wp:featuredmedia":[{"embeddable":true,"href":"https:\/\/www.trotec-blog.com\/ro\/wp-json\/wp\/v2\/media\/13552"}],"wp:attachment":[{"href":"https:\/\/www.trotec-blog.com\/ro\/wp-json\/wp\/v2\/media?parent=13551"}],"wp:term":[{"taxonomy":"category","embeddable":true,"href":"https:\/\/www.trotec-blog.com\/ro\/wp-json\/wp\/v2\/categories?post=13551"},{"taxonomy":"post_tag","embeddable":true,"href":"https:\/\/www.trotec-blog.com\/ro\/wp-json\/wp\/v2\/tags?post=13551"}],"curies":[{"name":"wp","href":"https:\/\/api.w.org\/{rel}","templated":true}]}}