{"id":13255,"date":"2021-06-17T08:19:57","date_gmt":"2021-06-17T06:19:57","guid":{"rendered":"https:\/\/www.trotec-blog.com\/ro\/?p=13255"},"modified":"2022-04-11T09:31:41","modified_gmt":"2022-04-11T07:31:41","slug":"in-germania-caldura-monstru-de-pana-la-40-de-grade-la-trotec-racire-racoritoare-cu-ajutorul-ventilatoarelor-unitatilor-de-aer-conditionat-si-racitoarelor-de-aer","status":"publish","type":"post","link":"https:\/\/www.trotec-blog.com\/ro\/blog\/trotec\/in-germania-caldura-monstru-de-pana-la-40-de-grade-la-trotec-racire-racoritoare-cu-ajutorul-ventilatoarelor-unitatilor-de-aer-conditionat-si-racitoarelor-de-aer\/","title":{"rendered":"\u00cen Germania: c\u0103ldur\u0103 monstru de p\u00e2n\u0103 la 40 de grade. La Trotec: r\u0103cire r\u0103coritoare cu ajutorul ventilatoarelor, unit\u0103\u021bilor de aer condi\u021bionat \u0219i r\u0103citoarelor de aer"},"content":{"rendered":"<div class=\"entry-content\">\n<h2><a href=\"https:\/\/www.trotec-blog.com\/ro\/blog\/trotec\/in-germania-caldura-monstru-de-pana-la-40-de-grade-la-trotec-racire-racoritoare-cu-ajutorul-ventilatoarelor-unitatilor-de-aer-conditionat-si-racitoarelor-de-aer\/\"><img loading=\"lazy\" class=\"alignnone size-full wp-image-13256\" src=\"https:\/\/www.trotec-blog.com\/ro\/files\/2021\/06\/EN_Header.jpg\" alt=\"\" width=\"1000\" height=\"1000\" srcset=\"https:\/\/www.trotec-blog.com\/ro\/files\/2021\/06\/EN_Header.jpg 1000w, https:\/\/www.trotec-blog.com\/ro\/files\/2021\/06\/EN_Header-200x200.jpg 200w, https:\/\/www.trotec-blog.com\/ro\/files\/2021\/06\/EN_Header-300x300.jpg 300w, https:\/\/www.trotec-blog.com\/ro\/files\/2021\/06\/EN_Header-768x768.jpg 768w, https:\/\/www.trotec-blog.com\/ro\/files\/2021\/06\/EN_Header-60x60.jpg 60w\" sizes=\"(max-width: 1000px) 100vw, 1000px\" \/><\/a><\/h2>\n<h2><strong>Acum devine foarte, foarte cald! <\/strong>De m\u00e2ine sunt peste tot \u00een Germania, temperaturi peste 30 de grade. \u00cen unele locuri, chiar \u0219i limita de 40 de grade va fi dep\u0103\u0219it\u0103. Acestea sunt temperaturile din Sahara! Meteorologii prezic cre\u0219terea umidit\u0103\u021bii \u0219i un num\u0103r tot mai mare de nop\u021bi tropicale \u00een c\u0103ldura sufocant\u0103. A\u0219a c\u0103 este timpul s\u0103 v\u0103 crea\u021bi propriile patru pere\u021bi \u0219i biroul s\u0103 fie \u201erezistent la valurile de c\u0103ldur\u0103\u201d:<strong><br \/>\nCu r\u0103cire r\u0103coritoare prin ventilatoare, aparate de aer condi\u021bionat sau r\u0103citoare de aer. \u00cen calitatea m\u0103rcii Trotec. Pentru fiecare nevoie, fiecare m\u0103rime, fiecare gust!<\/strong><\/h2>\n<\/div>\n<p><!--more--><\/p>\n<p>&nbsp;<\/p>\n<div class=\"entry-content\">\n<p><a href=\"https:\/\/de.trotec.com\/shop\/maschinen\/ventilation.html?utm_source=newsletter&amp;utm_medium=social&amp;utm_campaign=newsletter-klimatisierung-kw24-2021&amp;utm_content=ventilation\" target=\"_blank\" rel=\"noopener\"><img loading=\"lazy\" class=\"alignnone wp-image-58231 size-full\" src=\"https:\/\/www.trotec-blog.com\/wp-content\/uploads\/2021\/06\/Allgemeine_\u00dcbersicht_.jpg\" alt=\"\" width=\"1200\" height=\"507\" \/><\/a><\/p>\n<p>Meteorologii se tem c\u0103 putem \u00eenregistra cel mai fierbinte iunie de p\u00e2n\u0103 acumt. Pentru c\u0103 deja dup\u0103 primele 12 zile ale lunii iunie, luna este cu 3,7 grade mai cald\u0103 dec\u00e2t media. Asta \u00eenseamn\u0103 c\u0103, dup\u0103 acest val de c\u0103ldur\u0103, urm\u0103torul val este iminent! Dac\u0103 nu mai dori\u021bi s\u0103 transpira\u021bi \u0219i s\u0103 suferi\u021bi, trebuie pur \u0219i simplu s\u0103 opri\u021bi c\u0103ldura acas\u0103 \u0219i la birou cu dispozitivele de aer condi\u021bionat mobile \u0219i flexibile de la Trotec. \u00cen magazinul nostru online sau \u00een magazinul nostru din Heinsberg, ve\u021bi g\u0103si \u0219i primi exact aerul condi\u021bionat potrivit pentru spa\u021biul dvs. de locuit \u0219i \/ sau de birou, r\u0103citorul de aer care este perfect adaptat nevoilor dvs., ventilatorul care este adaptat \u00een mod ideal pentru dvs. \u00centotdeauna la un pre\u021b corect \u0219i imbatabil.<\/p>\n<p>&nbsp;<\/p>\n<p><strong><a href=\"https:\/\/ro.trotec.com\/shop\/\" target=\"_blank\" rel=\"noopener\"><img loading=\"lazy\" class=\"alignnone size-full wp-image-58233\" src=\"https:\/\/www.trotec-blog.com\/wp-content\/uploads\/2021\/06\/PAC-Serie-header_2400x560_.jpg\" alt=\"\" width=\"1200\" height=\"507\" \/><\/a>\u2022 <\/strong><\/p>\n<p><strong>Aparate de climatizare din seria PAC \u2013 cea mai bun\u0103 clim\u0103 pentru locuin\u021b\u0103 \u0219i birou<\/strong><\/p>\n<p>\u00centr-un timp foarte scurt, unit\u0103\u021bile de aer condi\u021bionat mobile elegante din seria PAC asigur\u0103 temperaturi pl\u0103cute \u0219i reci \u00een apartament, \u00een ateliere, birouri, galerii, s\u0103li de practic\u0103, \u00een apartamente de vacan\u021b\u0103 \u0219i buticuri &#8211; tocmai acolo unde este important un climat interior permanent \u0219i optim. . <a href=\"https:\/\/www.trotec24.ro\/masini\/climatizare\/aparate-de-aer-conditionat-seria-pac?rc=783e2f47dd\" class=\"broken_link\"><strong>Aparate de climatizare PAC<\/strong><\/a> compacte \u0219i puternice sunt gata de utilizare oriunde \u0219i oric\u00e2nd. Spectrul unit\u0103\u021bilor noastre de aer condi\u021bionat mobile variaz\u0103 de la modele cu o capacitate de r\u0103cire de 2 kW la o capacitate de 3,8 kW pentru camere mari de p\u00e2n\u0103 la 50 m\u00b2.<\/p>\n<p>&nbsp;<\/p>\n<p><strong><a href=\"https:\/\/www.trotec24.ro\/masini\/climatizare\/racitoare-de-aer?rc=783e2f47dd\" target=\"_blank\" rel=\"noopener\" class=\"broken_link\"><img loading=\"lazy\" class=\"alignnone size-full wp-image-58226\" src=\"https:\/\/www.trotec-blog.com\/wp-content\/uploads\/2021\/06\/PAE-Serie-header_2400x560.jpg\" alt=\"\" width=\"1200\" height=\"280\" \/><\/a>\u2022 <\/strong><\/p>\n<p><strong>R\u0103citoarele de aer din seria PAE \u2013 clim\u0103 natural\u0103 datorit\u0103 r\u0103cirii prin evaporare<\/strong><\/p>\n<p>R\u0103cirea cu aer utiliz\u00e2nd tehnologia de evaporare este o metod\u0103 de r\u0103cire complet natural\u0103 \u0219i, \u00een plus, rentabil\u0103, f\u0103r\u0103 cerin\u021be de energie externe pentru procesul de r\u0103cire. Cu <a href=\"https:\/\/www.trotec24.ro\/masini\/climatizare\/racitoare-de-aer?rc=783e2f47dd\" class=\"broken_link\"><strong>r\u0103citoarele de aer mobile din seria PAE<\/strong><\/a>, Trotec ofer\u0103 o solu\u021bie deosebit de inteligent\u0103 \u0219i eficient\u0103 din punct de vedere energetic pentru controlul pl\u0103cut al temperaturii \u00een camere mici \u0219i mijlocii. Concepute de obicei ca dispozitive 3-\u00een-1, r\u0103citoarele noastre de aer asigur\u0103 un climat excelent de confort, cu r\u0103cire complet\u0103 a aerului, ventila\u021bie \u0219i \u00eemprosp\u0103tare a aerului. \u0218i spre deosebire de unit\u0103\u021bile de aer condi\u021bionat conven\u021bionale, r\u0103citoarele de aer func\u021bioneaz\u0103 f\u0103r\u0103 agen\u021bi frigorifici chimici \u0219i f\u0103r\u0103 instala\u021bii complexe &#8211; nici m\u0103car furtunul obi\u0219nuit de aer de evacuare de pe u\u0219i sau ferestre nu este necesar cu r\u0103citoarele noastre de aer inovatoare.<\/p>\n<p>&nbsp;<\/p>\n<p><strong><a href=\"https:\/\/www.trotec24.ro\/masini\/ventilatie?rc=783e2f47dd\" target=\"_blank\" rel=\"noopener\" class=\"broken_link\"><img loading=\"lazy\" class=\"alignnone size-full wp-image-58227\" src=\"https:\/\/www.trotec-blog.com\/wp-content\/uploads\/2021\/06\/Ventilation_TVE.jpg\" alt=\"\" width=\"1200\" height=\"280\" \/><\/a>\u2022 <\/strong><\/p>\n<p><strong>Ventilatoarele din seria TVE\u2013 \u0219i seria TVM \u2013 ca ventilator de piedestal, turn, de mas\u0103 sau variantele de podea<\/strong><\/p>\n<p>Spre deosebire de un sistem de aer condi\u021bionat, un ventilator nu trebuie s\u0103 r\u0103ceasc\u0103 \u00eentregul aer al camerei \u00eentr-o manier\u0103 consumatoare de energie. Dac\u0103 v\u00e2ntul generat de ventilator love\u0219te pielea uman\u0103, filmul de transpira\u021bie se evapor\u0103 \u0219i se creeaz\u0103 evaporarea rece. Acest principiu func\u021bioneaz\u0103 oriunde ave\u021bi nevoie de o gur\u0103 de aer proasp\u0103t, fie \u00een cas\u0103 privat\u0103, fie \u00een birou. Fie c\u0103 v\u0103 baza\u021bi pe ventilatoare de piedestal, ventilatoare turn, ventilatoare de mas\u0103 sau ventilatoare de podea. Toate ventilatoarele mobile Trotec din <a href=\"https:\/\/www.trotec24.ro\/masini\/ventilatie\/ventilatoare-seria-tve?rc=783e2f47dd\" class=\"broken_link\"><strong>seria TVE<\/strong><\/a> \u0219i <a href=\"https:\/\/www.trotec24.ro\/masini\/ventilatie\/ventilatoare-seria-tvm?rc=783e2f47dd\" class=\"broken_link\"><strong>TVM<\/strong><\/a> se caracterizeaz\u0103 printr-un raport pre\u021b-performan\u021b\u0103 unic, pot fi folosi\u021bi flexibil \u00een orice spa\u021biu interior \u0219i sunt imbatabile \u00een ceea ce prive\u0219te achizi\u021bia \u0219i costurile de operare.<\/p>\n<h3><strong>Aparate de climatizare, r\u0103citoare de aer, ventilatoare \u2013 calitate de marc\u0103 de la Trotec!<\/strong><\/h3>\n<p>Cu aparatele de aer condi\u021bionat, r\u0103citoarele de aer \u0219i ventilatoarele, beneficia\u021bi de calitatea m\u0103rcii Trotec ca garan\u021bie pentru calitate \u00eenalt\u0103, siguran\u021b\u0103 \u0219i func\u021bionalitate, precum \u0219i de pre\u021burile noastre de ofert\u0103 reduse. Arunca\u021bi o privire \u00een jurul nostru: garantat c\u0103 ve\u021bi g\u0103si oferta potrivit\u0103 de aer condi\u021bionat care corespunde exact cerin\u021belor dvs. &#8211; \u00een magazinul nostru din Heinsberg sau online \u00een <a href=\"https:\/\/www.trotec24.ro\/\" class=\"broken_link\"><strong>Trotec-Shop<\/strong><\/a><!--more--><\/p>\n<\/div>\n","protected":false},"excerpt":{"rendered":"<p>Acum devine foarte, foarte cald! De m\u00e2ine sunt peste tot \u00een Germania, temperaturi peste 30 de grade. \u00cen unele locuri, chiar \u0219i limita de 40 de grade va fi dep\u0103\u0219it\u0103. Acestea sunt temperaturile din Sahara! Meteorologii prezic cre\u0219terea umidit\u0103\u021bii \u0219i un num\u0103r tot mai mare de nop\u021bi tropicale \u00een c\u0103ldura sufocant\u0103. A\u0219a c\u0103 este timpul [&hellip;]<\/p>\n","protected":false},"author":66,"featured_media":0,"comment_status":"open","ping_status":"open","sticky":false,"template":"","format":"standard","meta":[],"categories":[6,8,2],"tags":[56,1886,34,169],"_links":{"self":[{"href":"https:\/\/www.trotec-blog.com\/ro\/wp-json\/wp\/v2\/posts\/13255"}],"collection":[{"href":"https:\/\/www.trotec-blog.com\/ro\/wp-json\/wp\/v2\/posts"}],"about":[{"href":"https:\/\/www.trotec-blog.com\/ro\/wp-json\/wp\/v2\/types\/post"}],"author":[{"embeddable":true,"href":"https:\/\/www.trotec-blog.com\/ro\/wp-json\/wp\/v2\/users\/66"}],"replies":[{"embeddable":true,"href":"https:\/\/www.trotec-blog.com\/ro\/wp-json\/wp\/v2\/comments?post=13255"}],"version-history":[{"count":5,"href":"https:\/\/www.trotec-blog.com\/ro\/wp-json\/wp\/v2\/posts\/13255\/revisions"}],"predecessor-version":[{"id":15399,"href":"https:\/\/www.trotec-blog.com\/ro\/wp-json\/wp\/v2\/posts\/13255\/revisions\/15399"}],"wp:attachment":[{"href":"https:\/\/www.trotec-blog.com\/ro\/wp-json\/wp\/v2\/media?parent=13255"}],"wp:term":[{"taxonomy":"category","embeddable":true,"href":"https:\/\/www.trotec-blog.com\/ro\/wp-json\/wp\/v2\/categories?post=13255"},{"taxonomy":"post_tag","embeddable":true,"href":"https:\/\/www.trotec-blog.com\/ro\/wp-json\/wp\/v2\/tags?post=13255"}],"curies":[{"name":"wp","href":"https:\/\/api.w.org\/{rel}","templated":true}]}}