{"id":1315,"date":"2015-05-15T09:29:46","date_gmt":"2015-05-15T07:29:46","guid":{"rendered":"https:\/\/www.trotec-blog.com\/ro\/?p=1315"},"modified":"2020-06-15T13:52:08","modified_gmt":"2020-06-15T11:52:08","slug":"alergie-sau-raceala","status":"publish","type":"post","link":"https:\/\/www.trotec-blog.com\/ro\/blog\/trotec\/alergie-sau-raceala\/","title":{"rendered":"Alergie sau r\u0103ceal\u0103?"},"content":{"rendered":"<p><img loading=\"lazy\" class=\"alignnone wp-image-1317 size-full\" src=\"https:\/\/www.trotec-blog.com\/ro\/files\/2015\/05\/tro_blog_Allergie-AirgoClean-105S_banner.jpg\" alt=\"tro_blog_Allergie-AirgoClean-105S_banner\" width=\"700\" height=\"300\" srcset=\"https:\/\/www.trotec-blog.com\/ro\/files\/2015\/05\/tro_blog_Allergie-AirgoClean-105S_banner.jpg 700w, https:\/\/www.trotec-blog.com\/ro\/files\/2015\/05\/tro_blog_Allergie-AirgoClean-105S_banner-300x129.jpg 300w\" sizes=\"(max-width: 700px) 100vw, 700px\" \/><\/p>\n<p><strong>V\u0103 curge nasul? V\u0103 curg lacrimile din ochi \u015fi v\u0103 doare g\u00e2tul? E un caz clar de r\u0103ceal\u0103. Sau ave\u0163i poate o alergie? Mai ales prim\u0103vara e greu de dat o diagnoz\u0103: polenul fin \u00eenseamn\u0103 pentru mul\u0163i dintre noi doar probleme. Pentru o cas\u0103 f\u0103r\u0103 polen, v\u0103 recomand\u0103m un purificator de aer AirgoClean 105 S!<\/strong><\/p>\n<p>Conform unui institut german de cercetare \u015fi informare asupra polenului, exist\u0103 o palet\u0103 \u00eentreag\u0103 de simptome \u00een caz de aelergie, \u00eencep\u00e2nd de la str\u0103nut repetat, conjunctivit\u0103, asm\u0103, m\u00e2nc\u0103rime la ochi, tuse, febr\u0103 \u015fi insomnii. Av\u00e2nd \u00een vedere faptul c\u0103 o simpl\u0103 r\u0103ceal\u0103 prezint\u0103 simptome asem\u0103n\u0103toare, uneori e complicat s\u0103 se fac\u0103 deosebirea dintre cele dou\u0103. Speciali\u015ftii, de exemplu alergologii \u015ftiu s\u0103 v\u0103 ajute: un simptom des \u00eent\u00e2lnit este m\u00e2nc\u0103rimea la nas \u015fi ochi: m\u00e2nc\u0103rimea nu e tipic\u0103 pentru r\u0103celi.<\/p>\n<p><strong>AirgoClean 105 S v\u0103 ofer\u0103 aer curat<\/strong><br \/>\nDac\u0103 v\u0103 m\u0103n\u00e2nc\u0103 mereu nasul, \u015fi nu e vorba de o r\u0103ceal\u0103 care trece repede, ave\u0163i nevoie de o solu\u0163ie profesional\u0103: un purificator de aer. <a href=\"https:\/\/www.trotec24.ro\/masini\/purificarea-aerului?rc=783e2f47dd\" class=\"broken_link\">AirgoClean 105 S<\/a> e alegerea optim\u0103 pentru \u00eenc\u0103peri de p\u00e2n\u0103 la 30 m\u00b2, oferind totodat\u0103 o serie \u00eentreag\u0103 de avantaje pentru alergici.<\/p>\n<p>Cu ajutorul combina\u0163iei eficiente dintre un filtru True HEPA cu filtru de c\u0103rbune activ, purificatorul va purifica aerul din apartament sau biro, cur\u0103\u0163\u00e2ndu-l de polen \u015fi spori de mucegai, precum \u015fi de particulele mici de praf. \u00cen plus, aparatul v\u0103 ajut\u0103 s\u0103 sc\u0103pa\u0163i \u015fi de mirosuri. Datorit\u0103 senzorului integrat pentru praf \u015fi particule COV, purificatorul va m\u0103sura gradul de murd\u0103rie al aerului. Astfel, pute\u0163i alege \u00eentre func\u0163ionarea complet automat\u0103, cu economie de energie, sau s\u0103 regla\u0163i manual suflanta cu 3 trepte, fie direct de la panoul de deserivire, fie prin telecomand\u0103. Pe display v\u0103 va fi indicat\u0103 necesitatea schimb\u0103rii filtrului, precum \u015fi calitatea actual\u0103 a aerului. \u00cen plus, func\u0163ia de temporizare \u015fi modusul sleep fac acest <a href=\"https:\/\/www.trotec24.ro\/masini\/purificarea-aerului?rc=783e2f47dd\" class=\"broken_link\">purificator de aer<\/a> \u015fi mai practic \u00een utilizare.<\/p>\n<p><strong>Lupta\u0163i contra prafului, pentru un aer curat<\/strong><br \/>\nLupta\u0163i contra aerului plin cu praf, polen, spori de mucegai! S\u0103n\u0103tatea dvs. e pe primul loc. Consulta\u0163i oferta noastr\u0103 pentru un <a href=\"https:\/\/www.trotec24.ro\/masini\/purificarea-aerului?rc=783e2f47dd\" class=\"broken_link\">purificator de aer AirgoClean 105 S<\/a>.<\/p>\n<p>&nbsp;<\/p>\n<p>&nbsp;<\/p>\n","protected":false},"excerpt":{"rendered":"<p>V\u0103 curge nasul? V\u0103 curg lacrimile din ochi \u015fi v\u0103 doare g\u00e2tul? E un caz clar de r\u0103ceal\u0103. Sau ave\u0163i poate o alergie? Mai ales prim\u0103vara e greu de dat o diagnoz\u0103: polenul fin \u00eenseamn\u0103 pentru mul\u0163i dintre noi doar probleme. Pentru o cas\u0103 f\u0103r\u0103 polen, v\u0103 recomand\u0103m un purificator de aer AirgoClean 105 S!<\/p>\n","protected":false},"author":66,"featured_media":1318,"comment_status":"open","ping_status":"open","sticky":false,"template":"","format":"standard","meta":[],"categories":[6,8,2],"tags":[34],"_links":{"self":[{"href":"https:\/\/www.trotec-blog.com\/ro\/wp-json\/wp\/v2\/posts\/1315"}],"collection":[{"href":"https:\/\/www.trotec-blog.com\/ro\/wp-json\/wp\/v2\/posts"}],"about":[{"href":"https:\/\/www.trotec-blog.com\/ro\/wp-json\/wp\/v2\/types\/post"}],"author":[{"embeddable":true,"href":"https:\/\/www.trotec-blog.com\/ro\/wp-json\/wp\/v2\/users\/66"}],"replies":[{"embeddable":true,"href":"https:\/\/www.trotec-blog.com\/ro\/wp-json\/wp\/v2\/comments?post=1315"}],"version-history":[{"count":6,"href":"https:\/\/www.trotec-blog.com\/ro\/wp-json\/wp\/v2\/posts\/1315\/revisions"}],"predecessor-version":[{"id":10815,"href":"https:\/\/www.trotec-blog.com\/ro\/wp-json\/wp\/v2\/posts\/1315\/revisions\/10815"}],"wp:featuredmedia":[{"embeddable":true,"href":"https:\/\/www.trotec-blog.com\/ro\/wp-json\/wp\/v2\/media\/1318"}],"wp:attachment":[{"href":"https:\/\/www.trotec-blog.com\/ro\/wp-json\/wp\/v2\/media?parent=1315"}],"wp:term":[{"taxonomy":"category","embeddable":true,"href":"https:\/\/www.trotec-blog.com\/ro\/wp-json\/wp\/v2\/categories?post=1315"},{"taxonomy":"post_tag","embeddable":true,"href":"https:\/\/www.trotec-blog.com\/ro\/wp-json\/wp\/v2\/tags?post=1315"}],"curies":[{"name":"wp","href":"https:\/\/api.w.org\/{rel}","templated":true}]}}