{"id":12704,"date":"2021-03-17T07:50:12","date_gmt":"2021-03-17T05:50:12","guid":{"rendered":"https:\/\/www.trotec-blog.com\/ro\/?p=12704"},"modified":"2021-03-17T07:50:54","modified_gmt":"2021-03-17T05:50:54","slug":"radiator-cu-infrarosu-ir-2570-s-va-transforma-terasa-intr-o-oaza-calda-de-bine-chiar-si-in-zilele-reci-de-primavara-livrabil-din-nou","status":"publish","type":"post","link":"https:\/\/www.trotec-blog.com\/ro\/blog\/trotec\/radiator-cu-infrarosu-ir-2570-s-va-transforma-terasa-intr-o-oaza-calda-de-bine-chiar-si-in-zilele-reci-de-primavara-livrabil-din-nou\/","title":{"rendered":"Radiator cu infraro\u0219u IR 2570 S: v\u0103 transform\u0103 terasa \u00eentr-o oaz\u0103 cald\u0103 de bine chiar \u0219i \u00een zilele reci de prim\u0103var\u0103 \u2013 livrabil din nou"},"content":{"rendered":"<p><a href=\"https:\/\/www.trotec-blog.com\/ro\/blog\/trotec\/radiator-cu-infrarosu-ir-2570-s-va-transforma-terasa-intr-o-oaza-calda-de-bine-chiar-si-in-zilele-reci-de-primavara-livrabil-din-nou\/\"><img loading=\"lazy\" class=\"alignnone size-full wp-image-12705\" src=\"https:\/\/www.trotec-blog.com\/ro\/files\/2021\/03\/tro_blog_IR2570S_blogbild_1000x1000.jpg\" alt=\"\" width=\"1000\" height=\"1000\" srcset=\"https:\/\/www.trotec-blog.com\/ro\/files\/2021\/03\/tro_blog_IR2570S_blogbild_1000x1000.jpg 1000w, https:\/\/www.trotec-blog.com\/ro\/files\/2021\/03\/tro_blog_IR2570S_blogbild_1000x1000-200x200.jpg 200w, https:\/\/www.trotec-blog.com\/ro\/files\/2021\/03\/tro_blog_IR2570S_blogbild_1000x1000-300x300.jpg 300w, https:\/\/www.trotec-blog.com\/ro\/files\/2021\/03\/tro_blog_IR2570S_blogbild_1000x1000-768x768.jpg 768w, https:\/\/www.trotec-blog.com\/ro\/files\/2021\/03\/tro_blog_IR2570S_blogbild_1000x1000-60x60.jpg 60w\" sizes=\"(max-width: 1000px) 100vw, 1000px\" \/><\/a><\/p>\n<h2>Nu mai trebuie mult s\u0103 a\u0219tept\u0103m, apoi ne putem \u00eent\u00e2lni din nou pe terase pentru un brunch de duminic\u0103 sau la o bere sau dou\u0103. Arunca\u021bi o privire aici : \u00eenc\u0103lzitorul radiant cu infraro\u0219u IR 2570 S, care este \u00een sf\u00e2r\u0219it disponibil , v\u0103 garanteaz\u0103 dvs. \u0219i oaspe\u021bilor un loc minunat de cald pe teras\u0103 pentru serile prelungite. Nu ezita mult timp. Achizi\u021biona\u021bi acum!<\/h2>\n<p><!--more--><\/p>\n<p><a href=\"https:\/\/www.trotec24.ro\/masini\/incalzire\/panouri-cu-infrarosu\/radiator-cu-infrarosu-ir-2570-s.html?rc=783e2f47dd\" class=\"broken_link\"><strong>Radiatorul cu infraro\u0219u IR 2570 S<\/strong><\/a> produce prin simpla ap\u0103sare a unui buton cu 2.500 de wa\u021bi, c\u0103ldura u\u0219oar\u0103 pe teras\u0103 sau balcon. Pute\u021bi alege \u00eentre trei niveluri de putere termic\u0103 (850 W, 1.650 W, 2.500 W) utiliz\u00e2nd panoul de control lateral sau telecomanda IR furnizat\u0103. Datorit\u0103 unghiului de \u00eenclinare, care poate fi reglat continuu cu 90 \u00b0, \u00eenc\u0103lzitorul radiant poate fi aliniat cu precizie &#8211; acest lucru permite, de asemenea, \u00een zona exterioar\u0103 pe terase acoperite din unit\u0103\u021bile gastronomice s\u0103 petrece\u021bi clipe pl\u0103cute<\/p>\n<h3><strong>C\u00e2teva avantaje adunate la un loc \u2013 radiatorul cu infraro\u0219u IR 2570 S \u2026<\/strong><\/h3>\n<ul>\n<li>ofer\u0103 p\u00e2n\u0103 la 2.500 de wa\u021bi de c\u0103ldur\u0103 \u00een infraro\u0219u f\u0103r\u0103 timp de pornire &#8211; pentru numeroase aplica\u021bii \u00een spa\u021bii exterioare cu acoperi\u0219. \u00cenc\u0103lzitorul este protejat de praf \u0219i stropi de ap\u0103 pe toate p\u0103r\u021bile, \u00een conformitate cu clasa de protec\u021bie IP34.<\/li>\n<li>are un afi\u0219aj cu LED-uri, lumin\u0103 indicatoare \u0219i o func\u021bie confortabil\u0103 de temporizare de 24 de ore, cu ajutorul c\u0103reia pute\u021bi programa timpul de oprire a \u00eenc\u0103lzitorului \u00een pa\u0219i de 1 or\u0103. Dispozitivul se opre\u0219te automat economisind energie dup\u0103 timpul de func\u021bionare prestabilit.<\/li>\n<li>aduce suportul de perete necesar pentru amplasare odat\u0103 cu livrarea. Op\u021bional, \u00eenc\u0103lzitorul radiant poate fi montat \u0219i pe un trepied telescopic, care este disponibil ca accesoriu, \u0219i poate fi astfel pozi\u021bionat \u0219i mai flexibil ca model de sine st\u0103t\u0103tor. \u00cen acest fel pute\u021bi cre\u0219te raza de utilizare a \u00eenc\u0103lzitorului radiant cu o l\u0103\u021bime de 900 mm \u0219i mai mult &#8211; temporar chiar \u0219i \u00een spa\u021bii exterioare neacoperite.<\/li>\n<li>poate fi utilizat cu u\u0219urin\u021b\u0103 \u0219i comoditate prin intermediul telecomenzii practice cu IR.<\/li>\n<li>cu elementul s\u0103u de \u00eenc\u0103lzire de \u00eenalt\u0103 calitate, genereaz\u0103 c\u0103ldur\u0103 conform principiului natural al radia\u021biei solare (c\u0103ldur\u0103 \u00een infraro\u0219u) \u0219i este deosebit de eficient\u0103 din punct de vedere energetic, deoarece o mare parte din energia utilizat\u0103 este transformat\u0103 \u00een c\u0103ldur\u0103 direct\u0103.<\/li>\n<li>func\u021bioneaz\u0103 silen\u021bios, curat \u0219i inodor: aerul ambiant r\u0103m\u00e2ne liber de mirosuri nepl\u0103cute de combustie \u0219i deoarece \u00eenc\u0103lzitorul radiant nu are nevoie de un ventilator zgomotos, nu se turbioneaz\u0103 praful. Ideal pentru persoanele cu alergie \u0219i persoanele cu c\u0103i respiratorii sensibile.<\/li>\n<\/ul>\n<h3><strong>Radiator cu infraro\u0219u IR 2570 S \u2013 calitate de marc\u0103 de la Trotec<\/strong><\/h3>\n<p><a href=\"https:\/\/www.trotec24.ro\/masini\/incalzire\/panouri-cu-infrarosu\/radiator-cu-infrarosu-ir-2570-s.html?rc=783e2f47dd\" class=\"broken_link\"><strong>Profita\u021bi de calitatea de marc\u0103 de la <\/strong><strong>Trotec ca un garant al \u00eenaltei valori, siguran\u021be \u0219i func\u021bionalit\u0103\u021bi. Comanda\u021bi \u00een magazinul nostru online radiatorul cu infraro\u0219u IR 2570 S la cele mai atractive pre\u021buri \u2013 acum \u00een Trotec-Shop!<\/strong><\/a><\/p>\n","protected":false},"excerpt":{"rendered":"<p>Nu mai trebuie mult s\u0103 a\u0219tept\u0103m, apoi ne putem \u00eent\u00e2lni din nou pe terase pentru un brunch de duminic\u0103 sau la o bere sau dou\u0103. Arunca\u021bi o privire aici : \u00eenc\u0103lzitorul radiant cu infraro\u0219u IR 2570 S, care este \u00een sf\u00e2r\u0219it disponibil , v\u0103 garanteaz\u0103 dvs. \u0219i oaspe\u021bilor un loc minunat de cald pe teras\u0103 [&hellip;]<\/p>\n","protected":false},"author":66,"featured_media":12705,"comment_status":"open","ping_status":"open","sticky":false,"template":"","format":"standard","meta":[],"categories":[6,12,2],"tags":[455,1585,1789,34],"_links":{"self":[{"href":"https:\/\/www.trotec-blog.com\/ro\/wp-json\/wp\/v2\/posts\/12704"}],"collection":[{"href":"https:\/\/www.trotec-blog.com\/ro\/wp-json\/wp\/v2\/posts"}],"about":[{"href":"https:\/\/www.trotec-blog.com\/ro\/wp-json\/wp\/v2\/types\/post"}],"author":[{"embeddable":true,"href":"https:\/\/www.trotec-blog.com\/ro\/wp-json\/wp\/v2\/users\/66"}],"replies":[{"embeddable":true,"href":"https:\/\/www.trotec-blog.com\/ro\/wp-json\/wp\/v2\/comments?post=12704"}],"version-history":[{"count":3,"href":"https:\/\/www.trotec-blog.com\/ro\/wp-json\/wp\/v2\/posts\/12704\/revisions"}],"predecessor-version":[{"id":12708,"href":"https:\/\/www.trotec-blog.com\/ro\/wp-json\/wp\/v2\/posts\/12704\/revisions\/12708"}],"wp:featuredmedia":[{"embeddable":true,"href":"https:\/\/www.trotec-blog.com\/ro\/wp-json\/wp\/v2\/media\/12705"}],"wp:attachment":[{"href":"https:\/\/www.trotec-blog.com\/ro\/wp-json\/wp\/v2\/media?parent=12704"}],"wp:term":[{"taxonomy":"category","embeddable":true,"href":"https:\/\/www.trotec-blog.com\/ro\/wp-json\/wp\/v2\/categories?post=12704"},{"taxonomy":"post_tag","embeddable":true,"href":"https:\/\/www.trotec-blog.com\/ro\/wp-json\/wp\/v2\/tags?post=12704"}],"curies":[{"name":"wp","href":"https:\/\/api.w.org\/{rel}","templated":true}]}}