{"id":12662,"date":"2021-03-10T09:44:01","date_gmt":"2021-03-10T07:44:01","guid":{"rendered":"https:\/\/www.trotec-blog.com\/ro\/?p=12662"},"modified":"2021-03-10T16:27:47","modified_gmt":"2021-03-10T14:27:47","slug":"cunostinte-practice-pentru-o-clima-interioara-mai-buna-episodul-2-7-acesta-este-modul-in-care-aerisiti-camerele-corect-si-durabil","status":"publish","type":"post","link":"https:\/\/www.trotec-blog.com\/ro\/blog\/trotec\/cunostinte-practice-pentru-o-clima-interioara-mai-buna-episodul-2-7-acesta-este-modul-in-care-aerisiti-camerele-corect-si-durabil\/","title":{"rendered":"Cuno\u0219tin\u021be practice pentru o clim\u0103 interioar\u0103 mai bun\u0103. Episodul  2\/7 &#8211; Acesta este modul \u00een care aerisi\u021bi camerele corect \u0219i durabil"},"content":{"rendered":"<h2><a href=\"https:\/\/www.trotec-blog.com\/ro\/blog\/trotec\/cunostinte-practice-pentru-o-clima-interioara-mai-buna-episodul-2-7-acesta-este-modul-in-care-aerisiti-camerele-corect-si-durabil\/\"><img loading=\"lazy\" class=\"alignnone size-full wp-image-12663\" src=\"https:\/\/www.trotec-blog.com\/ro\/files\/2021\/03\/RO_tro_blog_praxiswissen_raumklima_2_von_7_blogbild_1000x1000.jpg\" alt=\"\" width=\"1000\" height=\"1000\" srcset=\"https:\/\/www.trotec-blog.com\/ro\/files\/2021\/03\/RO_tro_blog_praxiswissen_raumklima_2_von_7_blogbild_1000x1000.jpg 1000w, https:\/\/www.trotec-blog.com\/ro\/files\/2021\/03\/RO_tro_blog_praxiswissen_raumklima_2_von_7_blogbild_1000x1000-200x200.jpg 200w, https:\/\/www.trotec-blog.com\/ro\/files\/2021\/03\/RO_tro_blog_praxiswissen_raumklima_2_von_7_blogbild_1000x1000-300x300.jpg 300w, https:\/\/www.trotec-blog.com\/ro\/files\/2021\/03\/RO_tro_blog_praxiswissen_raumklima_2_von_7_blogbild_1000x1000-768x768.jpg 768w, https:\/\/www.trotec-blog.com\/ro\/files\/2021\/03\/RO_tro_blog_praxiswissen_raumklima_2_von_7_blogbild_1000x1000-60x60.jpg 60w\" sizes=\"(max-width: 1000px) 100vw, 1000px\" \/><\/a><\/h2>\n<h2>Rareori s-a vorbit at\u00e2t de mult despre \u201eventila\u021bie\u201d ca \u00een anul curent. Nu este de mirare, deoarece schimbul de aer din \u00eenc\u0103peri a fost \u0219i este considerat \u00eenc\u0103 un mijloc \u00eencercat \u00eempotriva unei poten\u021biale \u00eenc\u0103rc\u0103turi de virus corona a\u00a0 aerosolilor infec\u021bio\u0219i. P\u00e2n\u0103 \u00een prezent, nu exist\u0103 niciun dispozitiv de m\u0103surare care s\u0103 poat\u0103 detecta contaminarea aerului din \u00eenc\u0103pere prin SARS-CoV-2. Cu toate acestea, un interval de ventila\u021bie necesar poate fi determinat prin \u201eevitarea\u201d m\u0103sur\u0103rii permanente a valorilor CO2. Cu c\u00e2t sunt mai mul\u021bi oameni \u00een camere de zi, birouri \u0219i s\u0103li de produc\u021bie, \u00een \u0219coli \u0219i centre de \u00eengrijire, cu at\u00e2t cre\u0219te dioxidul de carbon p\u00e2n\u0103 c\u00e2nd valoarea lui devine alarmant\u0103: Este timpul s\u0103 deschide\u021bi toate ferestrele!<\/h2>\n<p><!--more--><\/p>\n<p>Fiecare persoan\u0103 are nevoie de aproximativ 12.000 de litri de aer \u00een fiecare zi, metaboliz\u00e2nd oxigenul din corp \u00een dioxid de carbon (CO2). Rezultatul este c\u0103 aerul pe care \u00eel expir\u0103m are cu 4% mai pu\u021bin oxigen &#8211; dar cu 4% mai mult CO2. Nicio problem\u0103 at\u00e2ta timp c\u00e2t suntem \u00een aer liber. Dar \u00een camere \u00eenchise, oxigenul din aer este repede consumat. Reac\u021bion\u0103m la cre\u0219terea continu\u0103 a cotei de CO2 cu o senza\u021bie crescut\u0103 de oboseal\u0103 \u0219i o sc\u0103dere semnificativ\u0103 a performan\u021bei. Prin urmare, este recomandabil s\u0103 monitoriza\u021bi continuu valorile CO2 \u00een \u00eenc\u0103peri \u00eenchise cu dispozitive de m\u0103surare a climatului, cum ar fi monitorul calit\u0103\u021bii aerului BZ25, \u00eenregistratorul profesional de date privind calitatea aerului BZ30 sau dispozitivul de m\u0103surare a particulelor BQ30 de la Trotec &#8211; \u00een special \u00een facilit\u0103\u021bile publice, cum ar fi gr\u0103dini\u021be de copii, centre \u0219i \u0219coli, dar \u0219i \u00een gospod\u0103riile private. Cu condi\u021bia ca comportamentul de ventila\u021bie s\u0103 fie corect, o cantitate suficient\u0103 de oxigen poate fi asigurat\u0103 acolo \u00een timp util. \u00cen acela\u0219i timp, acest lucru reduce \u0219i poluarea aerului din camer\u0103 cu viru\u0219ii corona.<\/p>\n<h3><strong>A\u0219a aerisi\u021bi corect &#8211; dupa norma DIN 1946-6<\/strong><\/h3>\n<p>Aerul consumat , afar\u0103 cu el, aerul proasp\u0103t \u00een locul lui. Deci pur \u0219i simplu deschide\u021bi ferestrele? Practica ne arat\u0103 c\u0103 nu merge astfel. O aerisire gre\u0219it\u0103 \u00eenr\u0103ut\u0103\u021be\u0219te calitatea aerului din interior \u0219i \u00een plus risipe\u0219te energie caloric\u0103 pre\u021bioas\u0103. De aceea este indicat s\u0103 folosi\u021bi metoda stipulat\u0103 de Deutschen Instituts f\u00fcr Normung (DIN): Norma DIN 1946-6 stabile\u0219te \u00eenainte de toate, c\u00e2t de mult timp trebuie aerisit, pentru a garanta o clim\u0103 \u00een \u00eenc\u0103peri pl\u0103cut\u0103.<\/p>\n<p>\u2022 De patru ori pe zi trebuie s\u0103 deschide\u021bi ferestrele larg iar caloriferele trebuie \u00eenchise.:<br \/>\n&#8211; \u00een iunie, iulie \u0219i august cel pu\u021bin 30 de minute,<br \/>\n&#8211; \u00een septembrie \u0219i mai\u00a0 20 de minute,<br \/>\n&#8211; \u00een octombrie \u0219i aprilie c\u00e2te 15 minute,<br \/>\n&#8211; \u00een noiembrie \u0219i martie c\u00e2te 10 minute,<br \/>\n&#8211; \u00een decembrie p\u00e2n\u0103 \u00een februarie p\u00e2n\u0103 la 5 minute.<\/p>\n<p>\u2022 Chiar \u0219i dac\u0103 pe timpul zilei nu sunte\u021bi acas\u0103, este indicat totu\u0219i s\u0103 aerisi\u021bi de trei ori cre\u00e2nd un curent de aer: cel mai bine procede\u021bi la aerisire odat\u0103 \u00een orele dimine\u021bii \u0219i de dou\u0103 ori seara. Dac\u0103 sear\u0103 face\u021bi o baie mai lung\u0103 este necesar\u0103 o\u00a0 aerisire mai lung\u0103.<\/p>\n<p>\u2022 Prin aerisirea cu ferestrele aflate fa\u021b\u0103 \u00een fa\u021b\u0103, se produce un curent mare de aer care transport\u0103 aerul consumat rapid afar\u0103. Cine nu de\u021bine ferestre \u0219i u\u0219i fa\u021b\u0103 \u00een fa\u021b\u0103, acela este bine s\u0103 aeriseasc\u0103 pe o perioad\u0103 mai lung\u0103. Economisi\u021bi energie dac\u0103 \u00eenchide\u021bi caloriferele \u00eenc\u0103 \u00eenainte de a \u00eencepe s\u0103 aerisi\u021bi iar caloriferele sunt reci.<\/p>\n<p>\u2022 Dup\u0103 lucr\u0103ri de sanare energetic\u0103 este indicat s\u0103 aerisi\u021bi des. Dac\u0103 s-au efectuat lucr\u0103ri de\u00a0 modernizare la fa\u021bad\u0103 sau s-au schimbat ferestrele, trebuie s\u0103 aerisi\u021bi o perioad\u0103 mai \u00eendelungat\u0103, deoarece aerisirea nu se mai poate face \u0219i prin locurile ne-etan\u0219e.<\/p>\n<h3><strong>A\u0219a depista\u021bi concentra\u021bia de CO2<\/strong><\/h3>\n<p>Cu aparatele de m\u0103sur\u0103 ale climei \u0219i data loggerele de clim\u0103 de la Trotec, monitoriza\u021bi concentrat aerul \u00eenc\u0103perilor. Unit\u0103\u021bile de senzori sunt senzibile \u0219i livreaz\u0103 rapid parametrii climaterici precum valoarea concentra\u021biei de CO2, umiditatea aerului, temperatur\u0103 \u0219i punctul de rou\u0103. Aparate de m\u0103surare ale parametrilor climaterici, precum <a href=\"https:\/\/www.trotec24.ro\/instrumente-de-masura\/clima\/instrumente-de-mana\/indicator-de-calitate-aer-detector-de-co2-bz25.html?rc=783e2f47dd\" class=\"broken_link\"><strong>indicatorul calit\u0103\u021bii aerului BZ25<\/strong><\/a> sau <a href=\"https:\/\/www.trotec24.ro\/instrumente-de-masura\/clima\/data-logger\/data-logger-calitate-aer-co2-bz30.html?rc=783e2f47dd\" class=\"broken_link\"><strong>data logger al calit\u0103\u021bii aerului BZ30<\/strong><\/a>, sunt utilizabile pentru m\u0103surarea \u00een locuin\u021be \u0219i birouri, hale de produc\u021bie \u0219i depozite, gr\u0103dini\u021be sau laboratoare, \u00een agricultur\u0103 \u0219i florisitic\u0103.<\/p>\n<ul>\n<li><a href=\"https:\/\/www.trotec24.ro\/instrumente-de-masura\/clima\/instrumente-de-mana\/indicator-de-calitate-aer-detector-de-co2-bz25.html?rc=783e2f47dd\" class=\"broken_link\"><strong>Monitorul concentra\u021biei de\u00a0 CO2 \u0219i al calit\u0103\u021bii aerului BZ25<\/strong><\/a> se poate utiliza ideal pentru birou, scoal\u0103 \u0219i gr\u0103dini\u021b\u0103. Aparatul m\u0103soar\u0103 la un interval de 2 secunde, concentra\u021bia de CO2 din aerul \u00eenc\u0103perii. Un indicator ajut\u0103 spre orientare dac\u0103 valoarea indicat\u0103 este critic\u0103? \u00cen acest caz trebuie deschise ferestrele \u0219i u\u0219ile. \u00cen \u0219coli \u0219i gr\u0103dini\u021be, acest lucru se uit\u0103 foarte des. <a href=\"https:\/\/www.trotec24.ro\/instrumente-de-masura\/clima\/instrumente-de-mana\/indicator-de-calitate-aer-detector-de-co2-bz25.html?rc=783e2f47dd\" class=\"broken_link\"><strong>BZ25<\/strong> <\/a>aminte\u0219te spre acest lucru permanent \u0219i la timp!<\/li>\n<li>\u00a0<a href=\"https:\/\/www.trotec24.ro\/instrumente-de-masura\/clima\/data-logger\/data-logger-calitate-aer-co2-bz30.html?rc=783e2f47dd\" class=\"broken_link\"><strong>Data logger calitate aer BZ30<\/strong><\/a> este aparatul combinat, ideal pentru arhitec\u021bi, speciali\u0219ti \u0219i exper\u021bi \u00een construc\u021bia de aparate \u0219i agregate de climatizare, aerisire \u0219i \u00eenc\u0103lzire a aerului.\u00a0 <a href=\"https:\/\/www.trotec24.ro\/instrumente-de-masura\/clima\/data-logger\/data-logger-calitate-aer-co2-bz30.html?rc=783e2f47dd\" class=\"broken_link\"><strong>BZ30<\/strong> <\/a>nu m\u0103soar\u0103 numai concentra\u021bia de CO2, temperatura \u0219i umiditatea din \u00eenc\u0103pere,\u00a0 ci poate salva \u0219i memora p\u00e2n\u0103 la 50.000 de valori m\u0103surate. Din acest fapt, cu acest aparat sunt posibile m\u0103sur\u0103ri de lung\u0103 durat\u0103, f\u0103r\u0103 o supraveghere intens\u0103.<\/li>\n<li><a href=\"https:\/\/www.trotec24.ro\/instrumente-de-masura\/emisii?rc=783e2f47dd\" class=\"broken_link\"><strong>Monitorul calit\u0103\u021bii aerului BQ30<\/strong><\/a> nu trebuie s\u0103 lipseasc\u0103 \u00een nicio sal\u0103 de a\u0219teptare, sal\u0103 de \u0219edin\u021be sau birou \u00een plan deschis, deoarece aceast\u0103 sta\u021bie de m\u0103surare a mediului v\u0103 arat\u0103 5 valori importante pentru un aer interior bun: Pe l\u00e2ng\u0103 poluarea cu CO\u2082 \u0219i datele climatice, temperatura \u0219i umiditatea relativ\u0103, ve\u021bi vedea, de asemenea, poluarea cu praf fin cu particule de dimensiune PM2.5 sau PM10.<\/li>\n<\/ul>\n<h3><strong>Controlul concentra\u021biei de CO2 \u2013 cu ajutorul aparatelor de m\u0103sur\u0103 inovative de la Trotec<\/strong><\/h3>\n<p>Informa\u021bi-v\u0103 detaliat despre toate avantajele pe cere vi le aduce managementul calit\u0103\u021bii aerului \u0219i profita\u021bi de ofertele noastre de calitate de marc\u0103 Trotec:<\/p>\n<ul>\n<li><strong>\u00a0<a href=\"https:\/\/www.trotec24.ro\/instrumente-de-masura\/clima\/instrumente-de-mana\/indicator-de-calitate-aer-detector-de-co2-bz25.html?rc=783e2f47dd\" class=\"broken_link\">Detectorul de CO2 BZ25<\/a><\/strong>,<br \/>\n<strong>\u00a0<a href=\"https:\/\/www.trotec24.ro\/instrumente-de-masura\/clima\/data-logger\/data-logger-calitate-aer-co2-bz30.html?rc=783e2f47dd\" class=\"broken_link\">Data logger al calit\u0103\u021bii aerului \u0219i concentra\u021biei de CO2 BZ30<\/a><\/strong>,<\/li>\n<li><a href=\"https:\/\/www.trotec24.ro\/instrumente-de-masura\/emisii?rc=783e2f47dd\" class=\"broken_link\"><strong>M\u0103sur\u0103torul de particule BQ30<\/strong><\/a><\/li>\n<\/ul>\n<p>&nbsp;<\/p>\n<p>\u2013 acum \u00een <strong>Trotec-Shop!<\/strong><\/p>\n<h3>Cuno\u0219tin\u021be practice de la Trotec: \u201aSfaturi pentru o climatizare mai bun\u0103 \u00een \u00eenc\u0103peri\u2018<\/h3>\n<p>1\/7 <span class=\"VIiyi\" lang=\"ro\"><span class=\"JLqJ4b ChMk0b\">Pur \u0219i simplu interzice\u021bi accesul \u00een cas\u0103 viru\u0219ilor, alergenilor \u0219i prafului fin<\/span><\/span><br \/>\n<strong>2\/7 Acesta este modul \u00een care aerisi\u021bi camerele corect \u0219i durabil<\/strong><br \/>\n3\/7 Cum s\u0103 evita\u021bi aerul interior uscat \u0219i s\u0103 reduce\u021bi riscul de infec\u021bie cu virusul corona<br \/>\n4\/7 \u00cen acest fel preveni\u021bi umiditatea excesiv\u0103 \u00een \u00eenc\u0103pere<br \/>\n5\/7 Cum se previne cre\u0219terea d\u0103un\u0103toare a mucegaiului<br \/>\n6\/7 \u00cen acest fel alungi mirosuri nepl\u0103cute din aerul \u00eenc\u0103perii<br \/>\n7\/7 Cum pute\u021bi cre\u0219te starea de bine cu ajutorul plantelor de interior<\/p>\n<div class=\"twoclick_social_bookmarks_post_56047 social_share_privacy clearfix 1.6.4 locale-de_DE sprite-de_DE\">\n<div class=\"twoclick-button-container help_info\">\n<div class=\"fb_like_btn dummy_btn\"><span class=\"fb_like_dummy twoclick-network\">\u00a0<\/span><\/div>\n<\/div>\n<\/div>\n","protected":false},"excerpt":{"rendered":"<p>Rareori s-a vorbit at\u00e2t de mult despre \u201eventila\u021bie\u201d ca \u00een anul curent. Nu este de mirare, deoarece schimbul de aer din \u00eenc\u0103peri a fost \u0219i este considerat \u00eenc\u0103 un mijloc \u00eencercat \u00eempotriva unei poten\u021biale \u00eenc\u0103rc\u0103turi de virus corona a\u00a0 aerosolilor infec\u021bio\u0219i. P\u00e2n\u0103 \u00een prezent, nu exist\u0103 niciun dispozitiv de m\u0103surare care s\u0103 poat\u0103 detecta contaminarea [&hellip;]<\/p>\n","protected":false},"author":66,"featured_media":12663,"comment_status":"open","ping_status":"open","sticky":false,"template":"","format":"standard","meta":[],"categories":[6,7,9,12,2,41],"tags":[808,1092,1093,1785,45],"_links":{"self":[{"href":"https:\/\/www.trotec-blog.com\/ro\/wp-json\/wp\/v2\/posts\/12662"}],"collection":[{"href":"https:\/\/www.trotec-blog.com\/ro\/wp-json\/wp\/v2\/posts"}],"about":[{"href":"https:\/\/www.trotec-blog.com\/ro\/wp-json\/wp\/v2\/types\/post"}],"author":[{"embeddable":true,"href":"https:\/\/www.trotec-blog.com\/ro\/wp-json\/wp\/v2\/users\/66"}],"replies":[{"embeddable":true,"href":"https:\/\/www.trotec-blog.com\/ro\/wp-json\/wp\/v2\/comments?post=12662"}],"version-history":[{"count":6,"href":"https:\/\/www.trotec-blog.com\/ro\/wp-json\/wp\/v2\/posts\/12662\/revisions"}],"predecessor-version":[{"id":12671,"href":"https:\/\/www.trotec-blog.com\/ro\/wp-json\/wp\/v2\/posts\/12662\/revisions\/12671"}],"wp:featuredmedia":[{"embeddable":true,"href":"https:\/\/www.trotec-blog.com\/ro\/wp-json\/wp\/v2\/media\/12663"}],"wp:attachment":[{"href":"https:\/\/www.trotec-blog.com\/ro\/wp-json\/wp\/v2\/media?parent=12662"}],"wp:term":[{"taxonomy":"category","embeddable":true,"href":"https:\/\/www.trotec-blog.com\/ro\/wp-json\/wp\/v2\/categories?post=12662"},{"taxonomy":"post_tag","embeddable":true,"href":"https:\/\/www.trotec-blog.com\/ro\/wp-json\/wp\/v2\/tags?post=12662"}],"curies":[{"name":"wp","href":"https:\/\/api.w.org\/{rel}","templated":true}]}}