{"id":12032,"date":"2020-11-12T08:08:16","date_gmt":"2020-11-12T06:08:16","guid":{"rendered":"https:\/\/www.trotec-blog.com\/ro\/?p=12032"},"modified":"2022-04-11T09:24:44","modified_gmt":"2022-04-11T07:24:44","slug":"de-ce-pandemia-corona-este-in-perioada-de-iarna-mai-pronuntata","status":"publish","type":"post","link":"https:\/\/www.trotec-blog.com\/ro\/blog\/trotec\/de-ce-pandemia-corona-este-in-perioada-de-iarna-mai-pronuntata\/","title":{"rendered":"De ce pandemia Corona este \u00een perioada de iarn\u0103 mai pronun\u021bat\u0103?"},"content":{"rendered":"<p><a href=\"https:\/\/www.trotec-blog.com\/ro\/blog\/trotec\/de-ce-pandemia-corona-este-in-perioada-de-iarna-mai-pronuntata\/\"><img loading=\"lazy\" class=\"alignnone size-full wp-image-12034\" src=\"https:\/\/www.trotec-blog.com\/ro\/files\/2020\/11\/BLANKO_tro_blog_Luftfeuchte_Winter_blogbild_1000x1000.jpg\" alt=\"\" width=\"1000\" height=\"1000\" srcset=\"https:\/\/www.trotec-blog.com\/ro\/files\/2020\/11\/BLANKO_tro_blog_Luftfeuchte_Winter_blogbild_1000x1000.jpg 1000w, https:\/\/www.trotec-blog.com\/ro\/files\/2020\/11\/BLANKO_tro_blog_Luftfeuchte_Winter_blogbild_1000x1000-200x200.jpg 200w, https:\/\/www.trotec-blog.com\/ro\/files\/2020\/11\/BLANKO_tro_blog_Luftfeuchte_Winter_blogbild_1000x1000-300x300.jpg 300w, https:\/\/www.trotec-blog.com\/ro\/files\/2020\/11\/BLANKO_tro_blog_Luftfeuchte_Winter_blogbild_1000x1000-768x768.jpg 768w, https:\/\/www.trotec-blog.com\/ro\/files\/2020\/11\/BLANKO_tro_blog_Luftfeuchte_Winter_blogbild_1000x1000-60x60.jpg 60w\" sizes=\"(max-width: 1000px) 100vw, 1000px\" \/><\/a><\/p>\n<h2>Exact la \u00eenceputul perioadei sezonului rece, cel de-al doilea val de corona este prezent.. De la \u00eenceputul pandemiei, epidemiologii \u0219i virologii avertizeaz\u0103 despre efectul iernii, \u00een care frigul de afar\u0103 \u021bine oamenii \u00een apartamentele lor &#8211; iar virusul se r\u0103sp\u00e2nde\u0219te din ce \u00een ce mai mult \u00een interiorul \u00eenc\u0103perilor \u00eenchise. Un studiu realizat de cercet\u0103tori japonezi a constatat c\u0103 oamenii sunt de 19 ori mai predispu\u0219i s\u0103 se infecteze \u00een interior dec\u00e2t \u00een aer curat.<\/h2>\n<p><!--more--><\/p>\n<p>De fapt, majoritatea viru\u0219ilor se r\u0103sp\u00e2ndesc \u00een principal \u00een \u00eenc\u0103peri. O baz\u0103 de date de la London School of Hygiene and Tropical Medicine con\u021bine \u00een jur de 1500 de a\u0219a-numitele evenimente de supra-r\u0103sp\u00e2ndire &#8211; evenimente \u00een care o singur\u0103 persoan\u0103 infectat\u0103 infecteaz\u0103 mai multe persoane \u00een acela\u0219i timp \u0219i \u00een acela\u0219i loc. Se spune c\u0103 doar trei dintre ele au avut loc \u00een aer liber. Acest lucru se datoreaz\u0103 probabil unei sc\u0103deri puternice a umidit\u0103\u021bii relative atunci c\u00e2nd aerul de afar\u0103 rece \u0219i uscat intr\u0103 \u00eentr-o cas\u0103 \u0219i este \u00eenc\u0103lzit. Cercet\u0103rile epidemiologice din MIT, Harvard, Virginia Tech \u0219i Universitatea din Connecticut sugereaz\u0103 c\u0103 virusul corona este extrem de infec\u021bios atunci c\u00e2nd umiditatea relativ\u0103 este mai mic\u0103 &#8211; tot ce se afl\u0103 sub valoarea de umiditate de 40% ajut\u0103 virusul s\u0103 se r\u0103sp\u00e2ndeasc\u0103.<\/p>\n<h3><strong>Problema sunt particulele mici de pic\u0103turi care plutesc timp \u00eendelungat, a\u0219a numi\u021bii aerosoli<\/strong><\/h3>\n<p>\u201eTo\u021bi factorii pe care \u00eei asociem cu vremea rece par s\u0103 accelereze poten\u021bial r\u0103sp\u00e2ndirea virusului\u201d, spune Richard Neher, bioinformatician la Universitatea din Basel, care lucreaz\u0103 \u00een prezent la simul\u0103ri care arat\u0103 cum se r\u0103sp\u00e2nde\u0219te virusul Corona \u00eentr-o camer\u0103. Umiditatea sc\u0103zut\u0103 agraveaz\u0103 riscul, spune Neher: \u201eUnul dintre principalele motive pentru care cred c\u0103 vom avea o cre\u0219tere sezonier\u0103 a acestui virus este c\u0103 apa din pic\u0103turi se va evapora rapid \u00een interior, l\u0103s\u00e2nd virusul \u00eentr-un mic nucleu \u00een care poate pluti mai mult timp. &#8221;<\/p>\n<p>Aceste descoperiri sunt deosebit de importante pentru sezonul curent de iarn\u0103, c\u00e2nd milioane de oameni din emisfera nordic\u0103 vor fi \u00een camere \u00eenc\u0103lzite. \u00cenc\u0103lzirea aerului proasp\u0103t asigur\u0103 uscarea acestuia. \u00cen acela\u0219i timp, totu\u0219i, se usuc\u0103 \u0219i aerosolii infec\u021bio\u0219i expira\u021bi de persoanele infectate cu virusul corona. Denumirea de \u201evirus uscat\u201d sun\u0103 mult mai pozitiv dec\u00e2t este de fapt pentru noi, deoarece cea\u021ba fin\u0103, care con\u021bine viru\u0219ii, pierde o parte din ap\u0103 \u00een timpul procesului de uscare, deci arunc\u0103 balast, ca s\u0103 spunem a\u0219a, \u0219i, prin urmare, poate r\u0103m\u00e2ne mult timp \u00een stadiul de plutire \u00een spa\u021biu.. Doar o umiditate relativ\u0103 de 40 p\u00e2n\u0103 la 60% reduce r\u0103sp\u00e2ndirea virusului \u0219i absorb\u021bia prin mucoasa nazal\u0103. Deoarece aerosolii se mic\u0219oreaz\u0103 mai pu\u021bin la acest nivel de umiditate, nu pot pluti \u00een aer at\u00e2t de mult, ci mai degrab\u0103 cad la sol mai repede sub form\u0103 de pic\u0103turi grele.<\/p>\n<h3><strong>Umidificarea profesional\u0103 a aerului reduce riscul de infectare<\/strong><\/h3>\n<p>Speciali\u0219tii \u00een medicin\u0103 subliniaz\u0103 \u00een continuare c\u0103 putem reduce riscul de infec\u021bie prin cre\u0219terea umidit\u0103\u021bii \u00een aerul din \u00eenc\u0103peri. Cre\u0219terea umidit\u0103\u021bii aerului prin umidificare duce la o reducere a riscului de transmitere a viru\u0219ilor &#8211; \u0219i tocmai de aceea umidificatoarele, sp\u0103l\u0103toarele \u0219i r\u0103citoarele de aer sunt at\u00e2t de importante \u00een acest moment. Umidificatoarele moderne controlate de higrostat, cum ar fi <a href=\"https:\/\/https:\/\/ro.trotec.com\/shop\/\/masini\/umidificarea-aerului\/umidificatoare-mobile?rc=783e2f47dd\" class=\"broken_link\"><strong>seriile B-E<\/strong><\/a> \u0219i B, precum \u0219i sp\u0103l\u0103toarele de aer din <a href=\"https:\/\/https:\/\/ro.trotec.com\/shop\/\/masini\/umidificarea-aerului\/umidificatoare-mobile?rc=783e2f47dd\" class=\"broken_link\"><strong>seria AW-S<\/strong><\/a> de la Trotec, asigur\u0103 umiditate reglat\u0103 optim \u0219i aer purificat pentru interioare. R\u0103citoarele de aer din <a href=\"https:\/\/www.trotec24.ro\/masini\/climatizare\/racitoare-de-aer?rc=783e2f47dd\" class=\"broken_link\"><strong>seria PAE<\/strong><\/a> de la Trotec nu numai c\u0103 umezesc aerul, ci pe timpul verii r\u0103coresc prin evaporare aerul din cas\u0103.<\/p>\n<h3><strong>Umidificatoarele cu ultrasunete din seria B-E<\/strong><\/h3>\n<p>Dac\u0103 dori\u021bi, func\u021bionalitate, calitate \u0219i individualitate, Trotec v\u0103 ofer\u0103 umidificatoarele din seria B-E ca solu\u021bie de prim\u0103 m\u00e2n\u0103. Pute\u021bi alege \u00eentre trei variante\u00a0 <a href=\"https:\/\/www.trotec24.ro\/masini\/umidificarea-aerului\/umidificatoare-mobile\/umidificator-cu-ultrasunete-b-1-e.html?rc=783e2f47dd\" class=\"broken_link\"><strong>B 1 E<\/strong><\/a>, <a href=\"https:\/\/www.trotec24.ro\/masini\/umidificarea-aerului\/umidificatoare-mobile\/umidificator-cu-ultrasunete-b-5-e.html?rc=783e2f47dd\" class=\"broken_link\"><strong>B 5 E<\/strong><\/a>, <a href=\"https:\/\/www.trotec24.ro\/masini\/umidificarea-aerului\/umidificatoare-mobile\/umidificator-cu-ultrasunet-b-6-e.html?rc=783e2f47dd\" class=\"broken_link\"><strong>B 6 E<\/strong><\/a> care ofer\u0103 performan\u021be de \u00eence\u021bo\u0219are diferite. Plaja ajunge aici de la 4,8 p\u00e2n\u0103 la 7,2 litri pe zi. Aparatele cu ultrasunete se pot utiliza \u00een func\u021bie de model \u00een \u00eenc\u0103peri de la\u00a0 20 p\u00e2n\u0103 la m\u00b2. Toate cele trei aparate confer\u0103 un design modern care poate fi combinat cu oricare interior. \u00cen plus pute\u021bi alege \u00eentre moduri diferite de func\u021bionare \u0219i dot\u0103ri, acestea pot oferi difuzoare de uleiuri eterice, mod integrat pentru Baby un panoul de comand\u0103 modern tactil sau de exemplu un temporizator programabil. Umidificatoarele cu ultrasunete din seria B-E de la Trotec nu las\u0103 nicio dorin\u021b\u0103 ne\u00eemplinit\u0103.<\/p>\n<h3><strong>Umidificatoarele prin evaporare din seria B<\/strong><\/h3>\n<p>Modelele din aceast\u0103 serie v\u0103 aduc un num\u0103r important de avantaje referitoare la o climatizare pl\u0103cut\u0103. Prin pre\u021bul optimal raportat la performan\u021b\u0103, designul modern \u0219i multitudinea de func\u021bionalit\u0103\u021bi,\u00a0 aparatele aduc cu sine variante deosebit de importante pentru men\u021binerea s\u0103n\u0103t\u0103\u021bii prin optimizarea umidit\u0103\u021bii. Toate modelele din seria B precum <a href=\"https:\/\/www.trotec24.ro\/masini\/umidificarea-aerului\/umidificatoare-mobile\/umidificator-design-b-24-e.html?rc=783e2f47dd\" class=\"broken_link\"><strong>B 24 E<\/strong><\/a> \/ <a href=\"https:\/\/https:\/\/ro.trotec.com\/shop\/\/masini\/umidificarea-aerului\/umidificatoare-mobile\/umidificator-de-aer-design-b-25-e.html?rc=783e2f47dd\" class=\"broken_link\"><strong>B 25 E<\/strong><\/a> sau <a href=\"https:\/\/www.trotec24.ro\/masini\/umidificarea-aerului\/umidificatoare-mobile\/umidificator-b-400.html?rc=783e2f47dd\" class=\"broken_link\"><strong>B 400<\/strong><\/a> sunt comandate prin higrostat. Capacitatea este \u00een func\u021bie de modelul ales de la 0,35 p\u00e2n\u0103 la 2,5 litri pe or\u0103. Umidificatoarele se pot utiliza \u00een parte \u00een \u00eenc\u0103peri de p\u00e2n\u0103 la 420 m\u00b2. Flexibnilitatea este tronf. Pe l\u00e2ng\u0103 func\u021biuni individuale, modelul B 500 de\u021bine o comandare prin funk. mai mult confort nici c\u0103 trebuie!<\/p>\n<h3><strong>Umidificarea aerului pe timpul iernii, r\u0103cirea lui pe timpul verii \u2013 r\u0103citoarele de aer din seria PAE<\/strong><\/h3>\n<p>R\u0103cirea aerului prin motoda evapor\u0103rii este o metod\u0103 natural\u0103 \u0219i deosebit de accesibil\u0103 la cost \u0219i f\u0103r\u0103 necesar extern de energie. Cu r\u0103citoarele mobile din<a href=\"https:\/\/www.trotec24.ro\/masini\/climatizare\/racitoare-de-aer?rc=783e2f47dd\" class=\"broken_link\"><strong> seria PAE<\/strong><\/a> Trotec ofer\u0103 o solu\u021bie inteligent\u0103 \u0219i economic\u0103 pentru temperarea \u00eenc\u0103perilor mici \u0219i mijlocii. <a href=\"https:\/\/www.trotec24.ro\/masini\/climatizare\/racitoare-de-aer?rc=783e2f47dd\" class=\"broken_link\"><strong>Aparatele Aircooler din seria PAE<\/strong><\/a> sunt de regul\u0103 ca aparate multifunc\u021bionale 3-\u00een-1 \u0219i sunt dotate cu func\u021biuni de r\u0103cire a aerului, ventilare \u0219i umidificare pentru o climatizare pl\u0103cut\u0103. Cu designul lor modern aceste multitalente pun accente optice \u0219i se pot integra optic \u00een restaurante clasice, baruri precum \u0219i \u00een locuin\u021be \u0219i birouri. Prin variantele de dotare \u0219i o func\u021bionalitate deoseit\u0103, Trotec ofer\u0103 solu\u021bii practic pentru oricare necesitate.<\/p>\n<h3><strong>Sp\u0103latorul de aer <a href=\"https:\/\/www.trotec24.ro\/masini\/umidificarea-aerului\/umidificatoare-mobile\/airwasher-aw-10-s.html?rc=783e2f47dd\" class=\"broken_link\">AW 10 S<\/a><\/strong><\/h3>\n<p>Este un aparat confortabil 3-\u00een-1 pentru umidificarea \u0219i cur\u0103\u021birea aerului. Aceast\u0103 opera\u021biune se face f\u0103r\u0103 filtre. Cu ajutorul func\u021biuni de plas\u0103 , sp\u0103l\u0103torul de aer \u00eendep\u0103rteaz\u0103 p\u0103rul de animale, polenul, praful \u0219i mirosurile nepl\u0103cute. Pentru \u00eentre\u021binere \u0219i cur\u0103\u021bare, aparatul se poat deschide cu u\u0219urin\u021b\u0103.<\/p>\n<h3><strong>Sp\u0103l\u0103torul de aer <a href=\"https:\/\/www.trotec24.ro\/masini\/umidificarea-aerului\/umidificatoare-mobile\/airwasher-aw-20-s.html?rc=783e2f47dd\" class=\"broken_link\">AW 20 S<\/a><\/strong><\/h3>\n<p>Ofer\u0103 ca aparat 3-\u00een-1 cu senzor combinat \u0219i filtru HEPA la orice or\u0103 o calitate a aerului bine umidificat\u0103. Aparatul se poate utiliza cu succes de c\u0103tre cei ce sufer\u0103 de alergii. Cu ajutorul filtrelor HEPA aerul din \u00eenc\u0103peri nu numai c\u0103 va fi purificat de p\u0103r de animale, praf, polen, etc. &#8211; ci \u00eendep\u0103rteaz\u0103 alergenii \u0219i porii de mucegai \u0219i murd\u0103ria din praful de cas\u0103.<\/p>\n<h3><strong>Umidificare profesional\u0103 \u2013 cu marca de calitate de la Trotec<\/strong><\/h3>\n<p>La noi ve\u021bi g\u0103si umidificatorul \u0219i r\u0103citorul de aer potrivit pentru fiecare dintre cerin\u021bele dumneavoastr\u0103. \u0218i sp\u0103l\u0103tor de aer. Convinge\u021bi-v\u0103 \u0219i, de asemenea, beneficia\u021bi de raportul pre\u021b-performan\u021b\u0103 imbatabil al unui furnizor de marc\u0103 de frunte cu:<\/p>\n<ul>\n<li><strong><a href=\"https:\/\/https:\/\/ro.trotec.com\/shop\/\/masini\/umidificarea-aerului\/umidificatoare-mobile?rc=783e2f47dd\" target=\"_blank\" rel=\"noopener\" class=\"broken_link\">Umidificatoarele de aer cu ultrasunete din seria B-E<\/a><\/strong><\/li>\n<li><a href=\"https:\/\/https:\/\/ro.trotec.com\/shop\/\/masini\/umidificarea-aerului\/umidificatoare-mobile?rc=783e2f47dd\" target=\"_blank\" rel=\"noopener\" class=\"broken_link\"><strong>Umidificatoare\u00a0 de aer prin evaporare din seria B<\/strong><\/a><\/li>\n<li><a href=\"https:\/\/www.trotec24.ro\/masini\/climatizare\/racitoare-de-aer?rc=783e2f47dd\" target=\"_blank\" rel=\"noopener\" class=\"broken_link\"><strong>R\u0103citoarele de aer din seria PAE<\/strong><\/a><\/li>\n<li><strong><a href=\"https:\/\/www.trotec24.ro\/masini\/umidificarea-aerului\/umidificatoare-mobile\/airwasher-aw-10-s.html?rc=783e2f47dd\" class=\"broken_link\">Sp\u0103l\u0103torul de aer AW 10 S<\/a> \u0219i <a href=\"https:\/\/www.trotec24.ro\/masini\/umidificarea-aerului\/umidificatoare-mobile\/airwasher-aw-20-s.html?rc=783e2f47dd\" class=\"broken_link\">sp\u0103l\u0103torul de aer AW 20 S<\/a><\/strong><\/li>\n<\/ul>\n<p>\u2013 acum \u00een Trotec-Shop!<\/p>\n","protected":false},"excerpt":{"rendered":"<p>Exact la \u00eenceputul perioadei sezonului rece, cel de-al doilea val de corona este prezent.. De la \u00eenceputul pandemiei, epidemiologii \u0219i virologii avertizeaz\u0103 despre efectul iernii, \u00een care frigul de afar\u0103 \u021bine oamenii \u00een apartamentele lor &#8211; iar virusul se r\u0103sp\u00e2nde\u0219te din ce \u00een ce mai mult \u00een interiorul \u00eenc\u0103perilor \u00eenchise. Un studiu realizat de cercet\u0103tori [&hellip;]<\/p>\n","protected":false},"author":66,"featured_media":12034,"comment_status":"open","ping_status":"open","sticky":false,"template":"","format":"standard","meta":[],"categories":[6,8,2,22],"tags":[106,1111,435,1442,1702,871,432,1692,902,903,1445,1703,1701,101,25],"_links":{"self":[{"href":"https:\/\/www.trotec-blog.com\/ro\/wp-json\/wp\/v2\/posts\/12032"}],"collection":[{"href":"https:\/\/www.trotec-blog.com\/ro\/wp-json\/wp\/v2\/posts"}],"about":[{"href":"https:\/\/www.trotec-blog.com\/ro\/wp-json\/wp\/v2\/types\/post"}],"author":[{"embeddable":true,"href":"https:\/\/www.trotec-blog.com\/ro\/wp-json\/wp\/v2\/users\/66"}],"replies":[{"embeddable":true,"href":"https:\/\/www.trotec-blog.com\/ro\/wp-json\/wp\/v2\/comments?post=12032"}],"version-history":[{"count":10,"href":"https:\/\/www.trotec-blog.com\/ro\/wp-json\/wp\/v2\/posts\/12032\/revisions"}],"predecessor-version":[{"id":15133,"href":"https:\/\/www.trotec-blog.com\/ro\/wp-json\/wp\/v2\/posts\/12032\/revisions\/15133"}],"wp:featuredmedia":[{"embeddable":true,"href":"https:\/\/www.trotec-blog.com\/ro\/wp-json\/wp\/v2\/media\/12034"}],"wp:attachment":[{"href":"https:\/\/www.trotec-blog.com\/ro\/wp-json\/wp\/v2\/media?parent=12032"}],"wp:term":[{"taxonomy":"category","embeddable":true,"href":"https:\/\/www.trotec-blog.com\/ro\/wp-json\/wp\/v2\/categories?post=12032"},{"taxonomy":"post_tag","embeddable":true,"href":"https:\/\/www.trotec-blog.com\/ro\/wp-json\/wp\/v2\/tags?post=12032"}],"curies":[{"name":"wp","href":"https:\/\/api.w.org\/{rel}","templated":true}]}}