{"id":11898,"date":"2020-10-21T06:26:27","date_gmt":"2020-10-21T04:26:27","guid":{"rendered":"https:\/\/www.trotec-blog.com\/ro\/?p=11898"},"modified":"2020-10-22T09:57:05","modified_gmt":"2020-10-22T07:57:05","slug":"noutate-prelungitorul-de-calitate-de-25-m-230-v-perfect-pentru-domenii-interioare-si-exterioare","status":"publish","type":"post","link":"https:\/\/www.trotec-blog.com\/ro\/blog\/trotec\/noutate-prelungitorul-de-calitate-de-25-m-230-v-perfect-pentru-domenii-interioare-si-exterioare\/","title":{"rendered":"NOUTATE Prelungitorul de calitate de 25 m \/ 230 V: perfect pentru domenii interioare \u0219i exterioare"},"content":{"rendered":"<p><a href=\"https:\/\/www.trotec-blog.com\/ro\/blog\/trotec\/noutate-prelungitorul-de-calitate-de-25-m-230-v-perfect-pentru-domenii-interioare-si-exterioare\/\"><img loading=\"lazy\" class=\"alignnone size-full wp-image-11899\" src=\"https:\/\/www.trotec-blog.com\/ro\/files\/2020\/10\/RO_tro_blog_Verl\u00e4ngerungskabel_Rot_25m_blogbild_1000x1000.jpg\" alt=\"\" width=\"1000\" height=\"1000\" srcset=\"https:\/\/www.trotec-blog.com\/ro\/files\/2020\/10\/RO_tro_blog_Verl\u00e4ngerungskabel_Rot_25m_blogbild_1000x1000.jpg 1000w, https:\/\/www.trotec-blog.com\/ro\/files\/2020\/10\/RO_tro_blog_Verl\u00e4ngerungskabel_Rot_25m_blogbild_1000x1000-200x200.jpg 200w, https:\/\/www.trotec-blog.com\/ro\/files\/2020\/10\/RO_tro_blog_Verl\u00e4ngerungskabel_Rot_25m_blogbild_1000x1000-300x300.jpg 300w, https:\/\/www.trotec-blog.com\/ro\/files\/2020\/10\/RO_tro_blog_Verl\u00e4ngerungskabel_Rot_25m_blogbild_1000x1000-768x768.jpg 768w, https:\/\/www.trotec-blog.com\/ro\/files\/2020\/10\/RO_tro_blog_Verl\u00e4ngerungskabel_Rot_25m_blogbild_1000x1000-60x60.jpg 60w\" sizes=\"(max-width: 1000px) 100vw, 1000px\" \/><\/a><\/p>\n<h2>\u201eVia\u021ba f\u0103r\u0103 cablu prelungitor este posibil\u0103, dar inutil\u0103.\u201d A\u0219a este, citatul original este pu\u021bin diferit. Dar nu e o tragedie\u00a0 \u00een ideea c\u0103 un b\u0103rbat, o femeie, pe scurt o persoan\u0103, st\u0103 profund ab\u0103tut cu ma\u0219ina electric\u0103 de tuns iarba \u00een gr\u0103din\u0103 &#8211; doar pentru c\u0103 \u00eei lipse\u0219te electricitatea? Cum ridic\u0103 \u00een mod acuzator \u0219techerul f\u0103r\u0103 conexiune \u00een cer? Blestem\u00e2nd c\u0103 nu are un cablu prelungitor practic de calitate, s\u0103 presupunem cu o lungime de 25 de metri, \u00een cas\u0103? \u00ce\u0219i aminte\u0219te c\u0103 ceva similar i s-a \u00eent\u00e2mplat recent la un chef cu sta\u021bia de muzic\u0103 din beci!<\/h2>\n<p><!--more--><\/p>\n<p>Acest <a href=\"https:\/\/www.trotec24.ro\/masini\/cabluri\/cablu-de-prelungire-profesional-25-m-230-v-1-5-mm.html?rc=783e2f47dd\" class=\"broken_link\"><strong>cablu prelungitor de \u00eenalt\u0103 calitate de 230 vol\u021bi<\/strong><\/a> cu o lungime de 25 de metri este unul dintre accesoriile aproape indispensabile pentru a permite func\u021bionarea eficient\u0103 a dispozitivelor electrice \u00een gr\u0103din\u0103, gospod\u0103rie, buc\u0103t\u0103rie \u0219i birou \u0219i extinde domeniul lor opera\u021bional cu 25 de metri. Deoarece este, de asemenea, rezistent la stropire \u00een conformitate cu gradul de protec\u021bie IP44, cablul este, de asemenea, ideal pentru utilizare temporar\u0103 \u00een spa\u021bii exterioare. Apropo, datorit\u0103 culorii de semnal ro\u0219u, este deja vizibil\u0103 din col\u021bul ochiului &#8211; ceea ce reduce semnificativ riscul de \u00eempiedicare a utilizatorilor \u0219i a persoanelor din mediu..<\/p>\n<h3><strong>A\u0219a func\u021bioneaz\u0103<\/strong><\/h3>\n<p>\u2022 Tensiunea nominal\u0103 a cablului este de 230 de vol\u021bi, curentul nominal de 16 amperi \u0219i puterea nominal\u0103 maxim\u0103 e la 3.680 wa\u021bi.<\/p>\n<p>\u2022 Cablul desemnat de tip H05RR-F 3G1.5 denot\u0103 un cablu cu 3 fire cu caten\u0103 fin\u0103, cu o sec\u021biune transversal\u0103 a conductorului de 1,5 mm\u00b2, cu izola\u021bie robust\u0103 din caucuiuc a miezului rezistent\u0103 la ulei.<\/p>\n<p>\u2022 Cablul prelungitor protejat cu gradul de protec\u021bie IP44 este ideal pentru utilizarea temporar\u0103 \u00een exterior. \u00cen plus, este rezistent la UV, poate rezista la sarcini mecanice ridicate \u0219i poate fi utilizat \u00een mod fiabil \u00een orice anotimp cu o temperatur\u0103 cuprins\u0103 \u00eentre -35 \u00b0 C \u0219i +60 \u00b0 C.\u2022 Caracteristicile de siguran\u021b\u0103 sunt, de asemenea, conving\u0103toare: cablul prelungitor de \u00eenalt\u0103 calitate are un \u0219techer de siguran\u021b\u0103 CEE 7\/7 (tip F) \u0219i un cuplaj cu capac de etan\u0219are care protejeaz\u0103 de murd\u0103rie \u0219i umiditate.<\/p>\n<p>\u2022 Pentru a proteja copiii de \u0219ocurile electrice, un dispozitiv de siguran\u021b\u0103 \u00eempiedic\u0103 introducerea obiectelor \u00een fi\u0219\u0103. Centrul de testare DEKRA certific\u0103 prin sigiliu GS faptul c\u0103 dac\u0103 acest dispozitiv este utilizat conform \u00eentr-un mod previzibil, nici siguran\u021ba, nici s\u0103n\u0103tatea utilizatorului nu sunt periclitate.<\/p>\n<h3><strong>Qualit\u00e4ts-Verl\u00e4ngerungskabel 25 m \/ 230 V \u2013 Markenqualit\u00e4t von Trotec<\/strong><\/h3>\n<p><a href=\"https:\/\/www.trotec24.ro\/masini\/cabluri\/cablu-de-prelungire-profesional-25-m-230-v-1-5-mm.html?rc=783e2f47dd\" class=\"broken_link\"><strong>Profita\u021bi de calitatea de marc\u0103 de la Trotec ca un garant al valorii, siguran\u021bei \u0219i func\u021bionalit\u0103\u021bii. Comanda\u021bi \u00een magazinul nostru online cablul prelungitor de 25 m \/ 230 V la cele mai atractive condi\u021bii de achizi\u021bionare acum \u00een\u00a0 Trotec-Shop!<\/strong><\/a><\/p>\n","protected":false},"excerpt":{"rendered":"<p>\u201eVia\u021ba f\u0103r\u0103 cablu prelungitor este posibil\u0103, dar inutil\u0103.\u201d A\u0219a este, citatul original este pu\u021bin diferit. Dar nu e o tragedie\u00a0 \u00een ideea c\u0103 un b\u0103rbat, o femeie, pe scurt o persoan\u0103, st\u0103 profund ab\u0103tut cu ma\u0219ina electric\u0103 de tuns iarba \u00een gr\u0103din\u0103 &#8211; doar pentru c\u0103 \u00eei lipse\u0219te electricitatea? Cum ridic\u0103 \u00een mod acuzator \u0219techerul [&hellip;]<\/p>\n","protected":false},"author":66,"featured_media":11899,"comment_status":"open","ping_status":"open","sticky":false,"template":"","format":"standard","meta":[],"categories":[6,11,2],"tags":[1674,589,591],"_links":{"self":[{"href":"https:\/\/www.trotec-blog.com\/ro\/wp-json\/wp\/v2\/posts\/11898"}],"collection":[{"href":"https:\/\/www.trotec-blog.com\/ro\/wp-json\/wp\/v2\/posts"}],"about":[{"href":"https:\/\/www.trotec-blog.com\/ro\/wp-json\/wp\/v2\/types\/post"}],"author":[{"embeddable":true,"href":"https:\/\/www.trotec-blog.com\/ro\/wp-json\/wp\/v2\/users\/66"}],"replies":[{"embeddable":true,"href":"https:\/\/www.trotec-blog.com\/ro\/wp-json\/wp\/v2\/comments?post=11898"}],"version-history":[{"count":11,"href":"https:\/\/www.trotec-blog.com\/ro\/wp-json\/wp\/v2\/posts\/11898\/revisions"}],"predecessor-version":[{"id":11910,"href":"https:\/\/www.trotec-blog.com\/ro\/wp-json\/wp\/v2\/posts\/11898\/revisions\/11910"}],"wp:featuredmedia":[{"embeddable":true,"href":"https:\/\/www.trotec-blog.com\/ro\/wp-json\/wp\/v2\/media\/11899"}],"wp:attachment":[{"href":"https:\/\/www.trotec-blog.com\/ro\/wp-json\/wp\/v2\/media?parent=11898"}],"wp:term":[{"taxonomy":"category","embeddable":true,"href":"https:\/\/www.trotec-blog.com\/ro\/wp-json\/wp\/v2\/categories?post=11898"},{"taxonomy":"post_tag","embeddable":true,"href":"https:\/\/www.trotec-blog.com\/ro\/wp-json\/wp\/v2\/tags?post=11898"}],"curies":[{"name":"wp","href":"https:\/\/api.w.org\/{rel}","templated":true}]}}