{"id":11876,"date":"2020-10-19T09:45:54","date_gmt":"2020-10-19T07:45:54","guid":{"rendered":"https:\/\/www.trotec-blog.com\/ro\/?p=11876"},"modified":"2021-06-22T07:00:23","modified_gmt":"2021-06-22T05:00:23","slug":"aspiratoarele-verticale-cu-acumulator-de-la-trotec-vc-150-e-in-alb-vc-155-e-in-antracit-cu-tehnologie-zyklon-si-filtre-de-aer-hepa","status":"publish","type":"post","link":"https:\/\/www.trotec-blog.com\/ro\/blog\/trotec\/aspiratoarele-verticale-cu-acumulator-de-la-trotec-vc-150-e-in-alb-vc-155-e-in-antracit-cu-tehnologie-zyklon-si-filtre-de-aer-hepa\/","title":{"rendered":"Aspiratoarele verticale cu acumulator de la Trotec VC 150 E (\u00een alb) \/ VC 155 E (\u00een antracit) cu tehnologie Zyklon \u0219i filtre de aer HEPA"},"content":{"rendered":"<h2><a href=\"https:\/\/www.trotec-blog.com\/ro\/blog\/trotec\/aspiratoarele-verticale-cu-acumulator-de-la-trotec-vc-150-e-in-alb-vc-155-e-in-antracit-cu-tehnologie-zyklon-si-filtre-de-aer-hepa\/\"><img loading=\"lazy\" class=\"alignnone size-full wp-image-11877\" src=\"https:\/\/www.trotec-blog.com\/ro\/files\/2020\/10\/RO_tro_blog_VC150E_155E_blogbild_1000x1000.jpg\" alt=\"\" width=\"1000\" height=\"1000\" srcset=\"https:\/\/www.trotec-blog.com\/ro\/files\/2020\/10\/RO_tro_blog_VC150E_155E_blogbild_1000x1000.jpg 1000w, https:\/\/www.trotec-blog.com\/ro\/files\/2020\/10\/RO_tro_blog_VC150E_155E_blogbild_1000x1000-200x200.jpg 200w, https:\/\/www.trotec-blog.com\/ro\/files\/2020\/10\/RO_tro_blog_VC150E_155E_blogbild_1000x1000-300x300.jpg 300w, https:\/\/www.trotec-blog.com\/ro\/files\/2020\/10\/RO_tro_blog_VC150E_155E_blogbild_1000x1000-768x768.jpg 768w, https:\/\/www.trotec-blog.com\/ro\/files\/2020\/10\/RO_tro_blog_VC150E_155E_blogbild_1000x1000-60x60.jpg 60w\" sizes=\"(max-width: 1000px) 100vw, 1000px\" \/><\/a><\/h2>\n<h2>Trotec agit\u0103 acum pia\u021ba electrocasnicelor cu noul s\u0103u aspirator vertical f\u0103r\u0103 fir: \u00cePractic nu ave\u021bi nicio \u0219ans\u0103 \u00eempotriva flexibilit\u0103\u021bii \u0219i manevrabilit\u0103\u021bii maxime cu care cur\u0103\u021b\u0103 acest aspirator f\u0103r\u0103 cablu. Mai sunt \u0219i aspiratoarele f\u0103r\u0103 fir ale concuren\u021bilor: de acum \u00eenainte vor concura cu raportul pre\u021b-performan\u021b\u0103 imbatabil \u0219i calitatea dovedit\u0103 de marca Trotec. \u00cen cele din urm\u0103, r\u00e2vnitul aspirator de m\u00e2n\u0103 cu acumulator poate fi, de asemenea, convertit \u0219i actualizat la un astfel de dispozitiv \u00eentr-o clip\u0103!<\/h2>\n<p><!--more--><\/p>\n<p>Combina\u021bia inteligent\u0103 2-\u00een-1 ca aspirator f\u0103r\u0103 fir \u0219i aspirator portabil compact dintr-un singur dispozitiv \u00eengreuneaz\u0103 via\u021ba concuren\u021bei &#8211; \u0219i o u\u0219ureaz\u0103 pe a dumneavoastr\u0103. Pentru c\u0103 oricine se lupt\u0103 cu manipularea ne\u00eendem\u00e2natic\u0103 a aspiratoarelor conven\u021bionale va aprecia imediat avantajele aspiratorului nostru f\u0103r\u0103 fir VC 150 E (\u00een alb) sau VC 155 E (\u00een antracit): Datorit\u0103 func\u021bion\u0103rii f\u0103r\u0103 fir \u0219i greut\u0103\u021bii reduse, v\u0103 pute\u021bi bucura de el \u00eentotdeauna av\u00e2nd deplin\u0103 libertate de mi\u0219care, flexibilitate maxim\u0103 \u0219i manevrabilitate maxim\u0103 la locul de ac\u021biune. \u0218i cel mai bun dintre toate: pute\u021bi converti aspiratorul vertical \u00eentr-un aspirator de m\u00e2n\u0103 \u00een doar c\u00e2\u021biva pa\u0219i simpli. Tot ce trebuie s\u0103 face\u021bi este s\u0103 scoate\u021bi tubul de aspira\u021bie. Toate celelalte, cum ar fi bateria Li-Ion pentru 40 de minute de putere de aspira\u021bie constant\u0103, tehnologia puternic\u0103 Zyklon \u0219i filtrul HEPA extrem de eficient r\u0103m\u00e2n la bord.<\/p>\n<h3><strong>A\u0219a func\u021bioneaz\u0103<\/strong><\/h3>\n<p>Aspiratorul vertical f\u0103r\u0103 fir <a href=\"https:\/\/www.trotec24.ro\/masini\/aspiratoare-si-aparate-de-curatat\/aspirator-vertical-acumulator-vc-150-e.html?rc=783e2f47dd\" class=\"broken_link\"><strong>VC 150 E \/ VC 155 E<\/strong><\/a> poate fi utilizat pe suprafe\u021be uscate \u00een cas\u0103 sau \u00een ma\u0219in\u0103, precum \u0219i pe podele dure, gresie \u0219i pentru cur\u0103\u021barea profund\u0103 pe toate covoarele. Diuza sa de podea este echipat\u0103 cu o rol\u0103 electric\u0103 de perie turbo, care p\u0103trunde \u00een fiecare unghi printr-o articula\u021bie elastic\u0103 la un unghi de aspira\u021bie de p\u00e2n\u0103 la 130 \u00b0. Intensitatea aspira\u021biei poate fi reglat\u0103 \u00een 2 niveluri de putere pentru cur\u0103\u021barea \u00een func\u021bie de necesit\u0103\u021bi. C\u00e2nd este complet \u00eenc\u0103rcat\u0103, puternica baterie litiu-ion de 25,2 V (2 Ah) asigur\u0103 o putere de aspira\u021bie constant\u0103 timp de 40 de minute \u00een func\u021bionare continu\u0103. Cu afi\u0219ajul capacit\u0103\u021bii bateriei \u00een 2 trepte, ave\u021bi \u00eentotdeauna \u00een vedere starea de \u00eenc\u0103rcare. Datorit\u0103 tehnologiei de \u00eenalt\u0103 calitate a bateriei Li-Ion, nu apar nici efecte de memorie, nici auto-desc\u0103rc\u0103ri. Diuza de podea este echipat\u0103 cu patru l\u0103mpi cu LED \u00een zona din fa\u021b\u0103, cu care zonele \u00eentunecate de sub canapea sau de sub dulapuri pot fi perfect iluminate.<\/p>\n<p>Datorit\u0103 tehnologiei Zyklon, dispozitivul aspir\u0103 ca un v\u00e2rtej: aerul este aspirat \u00eentr-un con printr-un cilindru, praful con\u021binut este presat spre exterior de c\u0103tre for\u021be centrifuge \u0219i praful greu \u0219i particulele de murd\u0103rie sunt \u00eencetinite. Acestea cad apoi \u00een recipientul de praf cu o capacitate de 650 ml murd\u0103rie uscat\u0103. Aerul curat este extras \u0219i expulat \u00eenapoi \u00een aerul exterior. Praful fin \u0219i microorganismele, pe de alt\u0103 parte, sunt 99% prinse \u00eentr-un filtru special &#8211; filtrul HEPA. De altfel, recipientul mare de praf poate fi golit rapid \u0219i u\u0219or: Pentru a face acest lucru, \u021bine\u021bi recipientul cu deschiderea orientat\u0103 \u00een jos peste un co\u0219 de gunoi, ap\u0103sa\u021bi butonul de eliberare \u0219i clapeta de jos se deschide automat. Deci nu intra\u021bi niciodat\u0103 \u00een contact cu murd\u0103ria.<\/p>\n<h3><strong>Patru dintre multele avantaje care pe mine m-au convins:<\/strong><\/h3>\n<ul>\n<li>Utilizabil multifunc\u021bional ca aspirator cu acumulator vertical sau de m\u00e2n\u0103<\/li>\n<li>Acumulator cu litiu-ion de 25,2 V (2 Ah) \u2013 f\u0103r\u0103 efecte de memorie \u0219i desc\u0103rc\u0103ri de la sine<\/li>\n<li>Putere de aspirare \u00een dou\u0103 trepte pe suprafe\u021bele uscate<\/li>\n<li>Sistem eficient de filtrare cu tehnologie Zyklon &#8211; Filtre de mare performan\u021b\u0103 (HEPA) care re\u021bin 99 % din particulele fine<\/li>\n<\/ul>\n<h3><strong>Aspirator vertical cu acumulator VC 150 E \/ VC 155 E \u2013 calitate de marc\u0103 de la Trotec<\/strong><\/h3>\n<p>Profita\u021bi de claitatea de marc\u0103 de la Trotec ca un garant al valorii, siguran\u021bei \u0219i func\u021bionalit\u0103\u021bii. Comanda\u021bi \u00een magazinul nostru online aspiratorul vertical cu acumulator la cele mai atractive pre\u021buri:<\/p>\n<ul>\n<li><a href=\"https:\/\/www.trotec24.ro\/masini\/aspiratoare-si-aparate-de-curatat\/aspirator-vertical-acumulator-vc-150-e.html?rc=783e2f47dd\" class=\"broken_link\"><strong>Aspirator vertical cu acumulator de culoare alb\u0103 VC 150 E<\/strong><\/a><\/li>\n<li><a href=\"https:\/\/www.trotec24.ro\/masini\/aspiratoare-si-aparate-de-curatat\/aspirator-vertical-acumulator-vc-150-e.html?rc=783e2f47dd\" class=\"broken_link\"><strong>Aspirator vertical cu acumulator de culoare antracit VC 155 E<\/strong><\/a><\/li>\n<\/ul>\n<p>\u00cen furnitura standard la livrare se g\u0103sesc un aspirator, un alimentator de tensiune \u0219i \u00eenc\u0103rc\u0103tor pentru acumulator, c\u00e2te o perie pentru tapi\u021berie, diuz\u0103 pentru mobil\u00ee \u0219i o diuz\u0103 electric\u0103 pentru podea, o \u021beav\u0103 prelungitoare din aluminiu precum \u0219i un dispozitiv pentru rezemare.<\/p>\n<p><strong>Livrare \u00eencep\u00e2nd cu s\u0103pt\u0103m\u00e2na\u00a0 50<\/strong><\/p>\n","protected":false},"excerpt":{"rendered":"<p>Trotec agit\u0103 acum pia\u021ba electrocasnicelor cu noul s\u0103u aspirator vertical f\u0103r\u0103 fir: \u00cePractic nu ave\u021bi nicio \u0219ans\u0103 \u00eempotriva flexibilit\u0103\u021bii \u0219i manevrabilit\u0103\u021bii maxime cu care cur\u0103\u021b\u0103 acest aspirator f\u0103r\u0103 cablu. Mai sunt \u0219i aspiratoarele f\u0103r\u0103 fir ale concuren\u021bilor: de acum \u00eenainte vor concura cu raportul pre\u021b-performan\u021b\u0103 imbatabil \u0219i calitatea dovedit\u0103 de marca Trotec. \u00cen cele din [&hellip;]<\/p>\n","protected":false},"author":66,"featured_media":11877,"comment_status":"open","ping_status":"open","sticky":false,"template":"","format":"standard","meta":[],"categories":[6,9,2],"tags":[1669,1670,560,1667,1668,1666],"_links":{"self":[{"href":"https:\/\/www.trotec-blog.com\/ro\/wp-json\/wp\/v2\/posts\/11876"}],"collection":[{"href":"https:\/\/www.trotec-blog.com\/ro\/wp-json\/wp\/v2\/posts"}],"about":[{"href":"https:\/\/www.trotec-blog.com\/ro\/wp-json\/wp\/v2\/types\/post"}],"author":[{"embeddable":true,"href":"https:\/\/www.trotec-blog.com\/ro\/wp-json\/wp\/v2\/users\/66"}],"replies":[{"embeddable":true,"href":"https:\/\/www.trotec-blog.com\/ro\/wp-json\/wp\/v2\/comments?post=11876"}],"version-history":[{"count":7,"href":"https:\/\/www.trotec-blog.com\/ro\/wp-json\/wp\/v2\/posts\/11876\/revisions"}],"predecessor-version":[{"id":13291,"href":"https:\/\/www.trotec-blog.com\/ro\/wp-json\/wp\/v2\/posts\/11876\/revisions\/13291"}],"wp:featuredmedia":[{"embeddable":true,"href":"https:\/\/www.trotec-blog.com\/ro\/wp-json\/wp\/v2\/media\/11877"}],"wp:attachment":[{"href":"https:\/\/www.trotec-blog.com\/ro\/wp-json\/wp\/v2\/media?parent=11876"}],"wp:term":[{"taxonomy":"category","embeddable":true,"href":"https:\/\/www.trotec-blog.com\/ro\/wp-json\/wp\/v2\/categories?post=11876"},{"taxonomy":"post_tag","embeddable":true,"href":"https:\/\/www.trotec-blog.com\/ro\/wp-json\/wp\/v2\/tags?post=11876"}],"curies":[{"name":"wp","href":"https:\/\/api.w.org\/{rel}","templated":true}]}}