{"id":11780,"date":"2020-10-15T10:39:27","date_gmt":"2020-10-15T08:39:27","guid":{"rendered":"https:\/\/www.trotec-blog.com\/ro\/?p=11780"},"modified":"2021-11-12T09:28:34","modified_gmt":"2021-11-12T07:28:34","slug":"monitor-al-calitatii-aerului-bq30-indica-prin-metoda-semaforului-valoarea-actuala-de-co%e2%82%82-si-a-prafului-fin","status":"publish","type":"post","link":"https:\/\/www.trotec-blog.com\/ro\/blog\/trotec\/monitor-al-calitatii-aerului-bq30-indica-prin-metoda-semaforului-valoarea-actuala-de-co%e2%82%82-si-a-prafului-fin\/","title":{"rendered":"Monitor al calit\u0103\u021bii aerului BQ30 \u2013 indic\u0103 prin metoda semaforului valoarea actual\u0103 de CO\u2082 \u0219i a prafului fin"},"content":{"rendered":"<p><a href=\"https:\/\/www.trotec-blog.com\/ro\/blog\/trotec\/monitor-al-calitatii-aerului-bq30-indica-prin-metoda-semaforului-valoarea-actuala-de-co%e2%82%82-si-a-prafului-fin\/\"><img loading=\"lazy\" class=\"alignnone size-full wp-image-11781\" src=\"https:\/\/www.trotec-blog.com\/ro\/files\/2020\/10\/tro_blog_bq30_blogbild_1000x1000.jpg\" alt=\"\" width=\"1000\" height=\"1000\" srcset=\"https:\/\/www.trotec-blog.com\/ro\/files\/2020\/10\/tro_blog_bq30_blogbild_1000x1000.jpg 1000w, https:\/\/www.trotec-blog.com\/ro\/files\/2020\/10\/tro_blog_bq30_blogbild_1000x1000-200x200.jpg 200w, https:\/\/www.trotec-blog.com\/ro\/files\/2020\/10\/tro_blog_bq30_blogbild_1000x1000-300x300.jpg 300w, https:\/\/www.trotec-blog.com\/ro\/files\/2020\/10\/tro_blog_bq30_blogbild_1000x1000-768x768.jpg 768w, https:\/\/www.trotec-blog.com\/ro\/files\/2020\/10\/tro_blog_bq30_blogbild_1000x1000-60x60.jpg 60w\" sizes=\"(max-width: 1000px) 100vw, 1000px\" \/><\/a><\/p>\n<h2>Sursele poten\u021biale de praf fin \u0219i emisii de CO\u2082 au un impact negativ asupra mediului de via\u021b\u0103 \u0219i a st\u0103rii de bine. Aparent, lucrurile \u201enormale\u201d contribuie la acest lucru, cum ar fi g\u0103titul, aspirarea, fumul de tutun \u0219i lum\u00e2n\u0103ri sau aprinderea sobelor sau \u0219emineelor. Deoarece o concentra\u021bie crescut\u0103 de praf fin \u0219i CO\u2082 \u00een aerul din camer\u0103 este responsabil\u0103 pentru tulbur\u0103ri de concentrare, de somn \u0219i reac\u021biile alergice. \u00cen pandemia actual\u0103, astfel de dispozitive sub form\u0103 de a\u0219a-numite semafoare CO\u2082 ajut\u0103 pentru a minimiza riscul de infec\u021bie printr-o ventila\u021bie \u0219i aerisire adecvat\u0103. Monitorul de calitate a aerului Trotec BQ30 m\u0103soar\u0103 nu numai poluarea cu CO\u2082 actual\u0103, ci \u0219i poluarea cu praf fin \u0219i polen, precum \u0219i datele climatice predominante \u00een interior &#8211; \u0219i arat\u0103 dintr-o privire cum este calitatea aerului \u00een \u00eenc\u0103pere.<\/h2>\n<p><!--more--><\/p>\n<p><a href=\"https:\/\/www.trotec24.ro\/instrumente-de-masura\/emisii?rc=783e2f47dd\" class=\"broken_link\"><strong>Monitorul calit\u0103\u021bii aerului BQ30<\/strong><\/a> nu trebuie s\u0103 lipseasc\u0103 \u00een nicio sal\u0103 de a\u0219teptare, sal\u0103 de \u0219edin\u021be sau birou \u00een plan deschis, deoarece aceast\u0103 sta\u021bie de m\u0103surare a mediului v\u0103 arat\u0103 5 valori importante pentru un aer interior bun: Pe l\u00e2ng\u0103 poluarea cu CO\u2082 \u0219i datele climatice, temperatura \u0219i umiditatea relativ\u0103, ve\u021bi vedea, de asemenea, poluarea cu praf fin cu particule de dimensiune PM2.5 sau PM10.<\/p>\n<p>Cu monitorul compact al calit\u0103\u021bii aerului BQ30, pute\u021bi urm\u0103ri \u00een mod fiabil \u0219i precis at\u00e2t poluarea cu CO\u2082, c\u00e2t \u0219i concentra\u021biile critice de praf fin din aer. Dispozitivul determin\u0103 poluarea cu praful fin la particule de dimensiuni PM2.5 (de exemplu, praf respirabil fin, aerosoli \u0219i alte particule mici suspendate) sau PM10 (polen, particule de praf provenite din traficul rutier etc.). Dispozitivul practic de m\u0103surare \u00eenregistreaz\u0103, de asemenea, temperatura \u0219i umiditatea aerului &#8211; totul dintr-o privire!<\/p>\n<h3>A\u0219a func\u021bioneaz\u0103 semanforul m\u0103sur\u0103torului de particule BQ30<\/h3>\n<ul>\n<li>Afi\u0219ajul LCD color de 3 \u2033 al BQ30 arat\u0103 concentra\u021bia de mas\u0103 a particulelor \u00een aer, con\u021binutul de CO\u2082, temperatura aerului, umiditatea relativ\u0103, precum \u0219i data, ora curent\u0103 \u0219i nivelul de \u00eenc\u0103rcare a bateriei. Un indicator grafic cu bare colorat arat\u0103, de asemenea, dintr-o privire dac\u0103 poluarea cu particule este \u201epe verde\u201d.<\/li>\n<li>Monitorul de calitate a aerului <a href=\"https:\/\/www.trotec24.ro\/instrumente-de-masura\/emisii?rc=783e2f47dd\" class=\"broken_link\"><strong>BQ30<\/strong><\/a> semnalizeaz\u0103 optic \u00een nuan\u021be de galben c\u0103 valorile m\u0103surate pentru particulele PM10 \/ PM2,5 sunt \u00een intervalul \u201enormal\u201d. Dac\u0103 afi\u0219ajul este ro\u0219u, exist\u0103 deja o expunere \u201emedie\u201d. Pe baza valorilor limit\u0103 predefinite, pot fi setate \u0219i valori prag individuale.<\/li>\n<li>C\u00e2nd culoarea afi\u0219ajului se schimb\u0103 \u00een violet sau violet \u00eenchis, valorile limit\u0103 predefinite ale cantit\u0103\u021bii de particule au fost dep\u0103\u0219ite \u00een mod clar. Pentru a \u00eembun\u0103t\u0103\u021bi calitatea slab\u0103 a aerului pe termen scurt, z. B. s\u0103 fie ventilat corespunz\u0103tor. Valorile pentru con\u021binutul de CO\u2082 din aer sunt, de asemenea, afi\u0219ate separat, \u00een grada\u021bii de culoare corespunz\u0103toare.<\/li>\n<\/ul>\n<p><a href=\"https:\/\/www.trotec-blog.com\/ro\/files\/2020\/10\/TRT-BQ30-Information-HS-001-EN.jpg\"><img loading=\"lazy\" class=\"alignnone size-full wp-image-11782\" src=\"https:\/\/www.trotec-blog.com\/ro\/files\/2020\/10\/TRT-BQ30-Information-HS-001-EN.jpg\" alt=\"\" width=\"1240\" height=\"1733\" srcset=\"https:\/\/www.trotec-blog.com\/ro\/files\/2020\/10\/TRT-BQ30-Information-HS-001-EN.jpg 1240w, https:\/\/www.trotec-blog.com\/ro\/files\/2020\/10\/TRT-BQ30-Information-HS-001-EN-215x300.jpg 215w, https:\/\/www.trotec-blog.com\/ro\/files\/2020\/10\/TRT-BQ30-Information-HS-001-EN-768x1073.jpg 768w, https:\/\/www.trotec-blog.com\/ro\/files\/2020\/10\/TRT-BQ30-Information-HS-001-EN-716x1000.jpg 716w, https:\/\/www.trotec-blog.com\/ro\/files\/2020\/10\/TRT-BQ30-Information-HS-001-EN-200x280.jpg 200w\" sizes=\"(max-width: 1240px) 100vw, 1240px\" \/><\/a><\/p>\n<h3>BQ30 \u2212 Monitorizare CO\u2082 pentru recomandarea la aerisire<\/h3>\n<p>\u00cen camerele cu un num\u0103r mare de persoane, semafoarele CO\u2082 pot fi utilizate ca un ghid pentru aerul bun sau r\u0103u, deoarece dioxidul de carbon (CO\u2082) este un indicator fiabil pentr efectuarea unei schimb\u0103ri de aer. O concentra\u021bie de CO\u2082 de p\u00e2n\u0103 la 1.000 ppm indic\u0103 un schimb de aer adecvat din punct de vedere igienic \u00een condi\u021bii normale. Deja de la o valoare CO\u2082 de doar 1.500 ppm, capacitatea de concentrare scade considerabil \u0219i durerile de cap, oboseala \u0219i somnolen\u021ba se pot instala. Pentru valori peste 1.000 ppm, camera ar trebui s\u0103 fie ventilat\u0103, astfel \u00eenc\u00e2t valorile s\u0103 fie din nou \u00een intervalul 400-500 ppm. Prin urmare, semafoarele CO\u2082 pot furniza informa\u021bii fiabile cu privire la dac\u0103, c\u00e2nd \u0219i, mai presus de toate, c\u00e2t timp este necesar\u0103 ventila\u021bia. Cu toate acestea, senzorii CO\u2082 nu \u00eenseamn\u0103 c\u0103 o concentra\u021bie de CO\u2082 mai mic\u0103 de 1.000 ppm protejeaz\u0103 \u00een general \u00eempotriva infec\u021biei cu SARS-CoV-2.<\/p>\n<p>\u00cen schimb, \u00eens\u0103, concentra\u021biile de CO\u2082 care sunt semnificativ sau permanent mai mari de 1.000 ppm \u00een \u0219coli, birouri \u0219i gospod\u0103rii private indic\u0103 un management inadecvat al ventila\u021biei cu un risc poten\u021bial crescut de infec\u021bie. Acest lucru se aplic\u0103 nu numai ventila\u021biei ferestrelor, ci \u0219i func\u021bion\u0103rii sistemelor de ventila\u021bie. \u00cen plus fa\u021b\u0103 de valorile CO\u2082 \u0219i poluarea cu praf fin, din punct de vedere igienic \u0219i indiferent de SARS-CoV-2, umiditatea relativ\u0103 corect\u0103 \u00eentre 40 \u0219i 60% este important\u0103, pe de o parte, pentru a se asigura c\u0103 aerul nu este prea uscat ajung\u00e2nd sub valoarea de 30% u.r. Acest lucru este important pentru pentru a preveni uscarea membranelor mucoase \u0219i, pe de alt\u0103 parte, pentru a evita cre\u0219terea mucegaiului atunci c\u00e2nd umiditatea relativ\u0103 a camerei dep\u0103\u0219e\u0219te 60%. Pute\u021bi g\u0103si toate aceste informa\u021bii dintr-o privire pe afi\u0219ajul monitorului BQ30.<\/p>\n<p>Datorit\u0103 func\u021biei de semafor, pute\u021bi vedea dac\u0103 exist\u0103 suficient aer proasp\u0103t \u00een camer\u0103 \u0219i chiar c\u00e2t de curat este. Prin urmare, BQ30 este un indicator important pentru m\u0103surile de ventila\u021bie necesare \u0219i, de asemenea, este util pentru monitorizarea calit\u0103\u021bii aerului pentru persoanele care sufer\u0103 de alergii! Dac\u0103 este necesar, pute\u021bi \u00eembun\u0103t\u0103\u021bi climatul interior prin furnizarea de aer proasp\u0103t sau prin utilizarea eficient\u0103 a purificatoarelor de aer, a umidificatoarelor de aer sau a dezumidificatoarelor de aer.<\/p>\n<h3>Monitorul de particule BQ30 \u2013 calitate de marc\u0103\u00a0 de la Trotec<\/h3>\n<p>Profita\u021bi de calitatea de marc\u0103 de la Trotec ca un garant al valorii, siguran\u021bei \u0219i func\u021bionalit\u0103\u021bii. Comanda\u021bi cel mai bine acum \u00een magazinul nostru online <a href=\"https:\/\/www.trotec24.ro\/instrumente-de-masura\/emisii?rc=783e2f47dd\" class=\"broken_link\"><strong>m\u0103sur\u0103torul de particule BQ30<\/strong><\/a> la cele mai atractive pre\u021buri &#8211; acum \u00een Trotec-Shop!<\/p>\n<p>Pe l\u00e2ng\u0103 BQ30 ve\u021bi g\u0103si \u00een programul Trotec \u0219i alte aparate de m\u0103sur\u0103 \u0219i monitorizare a calit\u0103\u021bii aerului precum\u00a0 <strong>BQ20<\/strong>,\u00a0 <strong>PC200<\/strong> sau\u00a0 <strong>PC220<\/strong>, care pe l\u00e2ng\u0103 calitatea aerului pot fi utilizate pentru testarea instala\u021biilor de filtrare.<\/p>\n","protected":false},"excerpt":{"rendered":"<p>Sursele poten\u021biale de praf fin \u0219i emisii de CO\u2082 au un impact negativ asupra mediului de via\u021b\u0103 \u0219i a st\u0103rii de bine. Aparent, lucrurile \u201enormale\u201d contribuie la acest lucru, cum ar fi g\u0103titul, aspirarea, fumul de tutun \u0219i lum\u00e2n\u0103ri sau aprinderea sobelor sau \u0219emineelor. Deoarece o concentra\u021bie crescut\u0103 de praf fin \u0219i CO\u2082 \u00een aerul [&hellip;]<\/p>\n","protected":false},"author":66,"featured_media":11781,"comment_status":"open","ping_status":"open","sticky":false,"template":"","format":"standard","meta":[],"categories":[6,8,2],"tags":[808,804],"_links":{"self":[{"href":"https:\/\/www.trotec-blog.com\/ro\/wp-json\/wp\/v2\/posts\/11780"}],"collection":[{"href":"https:\/\/www.trotec-blog.com\/ro\/wp-json\/wp\/v2\/posts"}],"about":[{"href":"https:\/\/www.trotec-blog.com\/ro\/wp-json\/wp\/v2\/types\/post"}],"author":[{"embeddable":true,"href":"https:\/\/www.trotec-blog.com\/ro\/wp-json\/wp\/v2\/users\/66"}],"replies":[{"embeddable":true,"href":"https:\/\/www.trotec-blog.com\/ro\/wp-json\/wp\/v2\/comments?post=11780"}],"version-history":[{"count":12,"href":"https:\/\/www.trotec-blog.com\/ro\/wp-json\/wp\/v2\/posts\/11780\/revisions"}],"predecessor-version":[{"id":14107,"href":"https:\/\/www.trotec-blog.com\/ro\/wp-json\/wp\/v2\/posts\/11780\/revisions\/14107"}],"wp:featuredmedia":[{"embeddable":true,"href":"https:\/\/www.trotec-blog.com\/ro\/wp-json\/wp\/v2\/media\/11781"}],"wp:attachment":[{"href":"https:\/\/www.trotec-blog.com\/ro\/wp-json\/wp\/v2\/media?parent=11780"}],"wp:term":[{"taxonomy":"category","embeddable":true,"href":"https:\/\/www.trotec-blog.com\/ro\/wp-json\/wp\/v2\/categories?post=11780"},{"taxonomy":"post_tag","embeddable":true,"href":"https:\/\/www.trotec-blog.com\/ro\/wp-json\/wp\/v2\/tags?post=11780"}],"curies":[{"name":"wp","href":"https:\/\/api.w.org\/{rel}","templated":true}]}}