{"id":11695,"date":"2020-09-17T10:22:51","date_gmt":"2020-09-17T08:22:51","guid":{"rendered":"https:\/\/www.trotec-blog.com\/ro\/?p=11695"},"modified":"2020-09-17T10:23:36","modified_gmt":"2020-09-17T08:23:36","slug":"noutate-radiatorul-cu-infrarosu-ir-2570-s-face-din-terasa-dumneavoastra-o-adevarata-oaza","status":"publish","type":"post","link":"https:\/\/www.trotec-blog.com\/ro\/blog\/trotec\/noutate-radiatorul-cu-infrarosu-ir-2570-s-face-din-terasa-dumneavoastra-o-adevarata-oaza\/","title":{"rendered":"NOUTATE Radiatorul cu infraro\u0219u IR 2570 S: face din terasa dumneavoastr\u0103 o adev\u0103rat\u0103 oaz\u0103"},"content":{"rendered":"<h2><a href=\"https:\/\/www.trotec-blog.com\/ro\/blog\/trotec\/noutate-radiatorul-cu-infrarosu-ir-2570-s-face-din-terasa-dumneavoastra-o-adevarata-oaza\/\"><img loading=\"lazy\" class=\"alignnone size-full wp-image-11697\" src=\"https:\/\/www.trotec-blog.com\/ro\/files\/2020\/09\/RO_tro_blog_ir_2570_s_blogbild_1000x1000-1.jpg\" alt=\"\" width=\"1000\" height=\"1000\" srcset=\"https:\/\/www.trotec-blog.com\/ro\/files\/2020\/09\/RO_tro_blog_ir_2570_s_blogbild_1000x1000-1.jpg 1000w, https:\/\/www.trotec-blog.com\/ro\/files\/2020\/09\/RO_tro_blog_ir_2570_s_blogbild_1000x1000-1-200x200.jpg 200w, https:\/\/www.trotec-blog.com\/ro\/files\/2020\/09\/RO_tro_blog_ir_2570_s_blogbild_1000x1000-1-300x300.jpg 300w, https:\/\/www.trotec-blog.com\/ro\/files\/2020\/09\/RO_tro_blog_ir_2570_s_blogbild_1000x1000-1-768x768.jpg 768w, https:\/\/www.trotec-blog.com\/ro\/files\/2020\/09\/RO_tro_blog_ir_2570_s_blogbild_1000x1000-1-60x60.jpg 60w\" sizes=\"(max-width: 1000px) 100vw, 1000px\" \/><\/a><\/h2>\n<h2>Acum ne-am obi\u0219nuit cu to\u021bii s\u0103 st\u0103m \u00eempreun\u0103 cu prietenii \u0219i cunoscu\u021bii \u00een aer liber din cauz\u0103 de Corona &#8211; \u0219i acum ar trebui s\u0103 intr\u0103m cu to\u021bii din nou \u00een cas\u0103 numai pentru c\u0103 afar\u0103 s-a facut rece? Ve\u021bi fi de acord cu mine atunci c\u00e2nd voi postula pentru toat\u0103 lumea: Nu, nu vrem asta! De acum \u00eencolo vom r\u0103m\u00e2ne afar\u0103 c\u00e2t vrem &#8211; deoarece \u00eenc\u0103lzitorul radiant cu infraro\u0219u IR 2570 S ne garanteaz\u0103 un loc cald pe teras\u0103 \u00een viitor, fie c\u0103 suntem acas\u0103, cu prietenii sau cu gazda \u00een care avem \u00eencredere.<\/h2>\n<p><!--more--><\/p>\n<p>Noul radiator cu infraro\u0219u IR 2570 S produce c\u0103ldur\u0103 prin simpla ap\u0103sare a unui buton cu cei 2.500 de wa\u021bi. Puterea termic\u0103 \u00een trei trepte (850 W, 1.650 W, 2.500 W) poate fi dozat\u0103 fie prin intermediul panoului de control ata\u0219at lateral, fie prin intermediul telecomenzii IR furnizate. \u00cen industria de catering, \u00eenc\u0103lzitorul radiant, care poate fi aliniat cu precizie datorit\u0103 unghiului de \u00eenclinare reglabil la 90 \u00b0, permite, de asemenea, a\u0219ezarea confortabil\u0103 \u00een zona terasei exterioare acoperite.<\/p>\n<h3>A\u0219a func\u021bioneaz\u0103<\/h3>\n<p>\u00cenc\u0103lzitorul radiant cu infraro\u0219u <a href=\"https:\/\/www.trotec24.ro\/masini\/incalzire\/panouri-cu-infrarosu\/radiator-cu-infrarosu-ir-2570-s.html?rc=783e2f47dd\" class=\"broken_link\"><strong>IR 2570 S<\/strong><\/a> este protejat de praf \u0219i stropi de ap\u0103 pe toate p\u0103r\u021bile, conform clasei de protec\u021bie IP34 \u0219i este potrivit pentru montarea pe perete \u00een spa\u021bii exterioare acoperite. Desigur, suportul de perete necesar pentru fixare este deja inclus \u00een livrare. Op\u021bional, \u00eenc\u0103lzitorul radiant poate fi montat \u0219i pe un trepied telescopic disponibil ca accesoriu \u0219i astfel pozi\u021bionat \u0219i mai flexibil ca model de sine st\u0103t\u0103tor. \u00cen acest fel, pute\u021bi cre\u0219te \u0219i mai mult raza de utilizare a \u00eenc\u0103lzitorului radiant cu l\u0103\u021bimea de 900 mm &#8211; temporar chiar \u0219i \u00een zonele exterioare neacoperite.<\/p>\n<p>\u00cen plus, IR 2570 S are un afi\u0219aj cu LED-uri, un indicator luminos \u0219i un temporizator de 24 de ore, cu ajutorul c\u0103reia pute\u021bi programa convenabil timpul de oprire a \u00eenc\u0103lzitorului \u00een pa\u0219i de 1 or\u0103. Dispozitivul se opre\u0219te complet automat \u0219i economisind energie dup\u0103 timpul de func\u021bionare prestabilit.<\/p>\n<p>Elementul de cuar\u021b de \u00eenc\u0103lzire de \u00eenalt\u0103 calitate al IR 2570 S genereaz\u0103 c\u0103ldur\u0103 conform principiului natural al radia\u021biei solare (c\u0103ldur\u0103 \u00een infraro\u0219u) \u0219i este deosebit de eficient\u0103 din punct de vedere energetic, deoarece o mare parte din energia utilizat\u0103 este transformat\u0103 direct \u00een c\u0103ldur\u0103. Aerul ambiant r\u0103m\u00e2ne lipsit de mirosuri nepl\u0103cute de combustie \u0219i deoarece \u00eenc\u0103lzitorul radiant func\u021bioneaz\u0103 f\u0103r\u0103 un ventilator zgomotos, nu se turbioneaz\u0103 praf. Ideal pentru persoanele alergice \u0219i persoanele cu c\u0103i respiratorii sensibile.<\/p>\n<h3>Patru dintre multele avantaje care pe mine m-au convins:<\/h3>\n<ul>\n<li>c\u0103ldur\u0103 cu inraro\u0219u f\u0103r\u0103 o pre\u00eenc\u0103lzire<\/li>\n<li>repartizare uniform\u0103 a c\u0103ldurii<\/li>\n<li>curat, f\u0103r\u0103 condens, f\u0103r\u0103 miros \u0219i f\u0103r\u0103 zgomot<\/li>\n<li>potrivit \u00een a fi utilizat de c\u0103tre cei alergici prin lipsa turbion\u0103rii prafului<\/li>\n<\/ul>\n<h3>Radiatorul cu infraro\u0219u IR 2570 S \u2013 calitate de marc\u0103 de la Trotec<\/h3>\n<p>Profita\u021bi de calitatea de marc\u0103 de la Trotec ca un garant al valorii, siguran\u021bei \u0219i func\u021bionalit\u0103\u021bii.\u00a0 Comanda\u021bi \u00een magazinul nostru online <a href=\"https:\/\/www.trotec24.ro\/masini\/incalzire\/panouri-cu-infrarosu\/radiator-cu-infrarosu-ir-2570-s.html?rc=783e2f47dd\" class=\"broken_link\"><strong>radiatorul cu infraro\u0219u IR 2570 S<\/strong><\/a> la cele mai atractive pre\u021buri &#8211; acum \u00een Trotec-Shop!<\/p>\n","protected":false},"excerpt":{"rendered":"<p>Acum ne-am obi\u0219nuit cu to\u021bii s\u0103 st\u0103m \u00eempreun\u0103 cu prietenii \u0219i cunoscu\u021bii \u00een aer liber din cauz\u0103 de Corona &#8211; \u0219i acum ar trebui s\u0103 intr\u0103m cu to\u021bii din nou \u00een cas\u0103 numai pentru c\u0103 afar\u0103 s-a facut rece? Ve\u021bi fi de acord cu mine atunci c\u00e2nd voi postula pentru toat\u0103 lumea: Nu, nu vrem [&hellip;]<\/p>\n","protected":false},"author":66,"featured_media":11696,"comment_status":"open","ping_status":"open","sticky":false,"template":"","format":"standard","meta":[],"categories":[6,12,2],"tags":[30,1585,187],"_links":{"self":[{"href":"https:\/\/www.trotec-blog.com\/ro\/wp-json\/wp\/v2\/posts\/11695"}],"collection":[{"href":"https:\/\/www.trotec-blog.com\/ro\/wp-json\/wp\/v2\/posts"}],"about":[{"href":"https:\/\/www.trotec-blog.com\/ro\/wp-json\/wp\/v2\/types\/post"}],"author":[{"embeddable":true,"href":"https:\/\/www.trotec-blog.com\/ro\/wp-json\/wp\/v2\/users\/66"}],"replies":[{"embeddable":true,"href":"https:\/\/www.trotec-blog.com\/ro\/wp-json\/wp\/v2\/comments?post=11695"}],"version-history":[{"count":3,"href":"https:\/\/www.trotec-blog.com\/ro\/wp-json\/wp\/v2\/posts\/11695\/revisions"}],"predecessor-version":[{"id":11700,"href":"https:\/\/www.trotec-blog.com\/ro\/wp-json\/wp\/v2\/posts\/11695\/revisions\/11700"}],"wp:featuredmedia":[{"embeddable":true,"href":"https:\/\/www.trotec-blog.com\/ro\/wp-json\/wp\/v2\/media\/11696"}],"wp:attachment":[{"href":"https:\/\/www.trotec-blog.com\/ro\/wp-json\/wp\/v2\/media?parent=11695"}],"wp:term":[{"taxonomy":"category","embeddable":true,"href":"https:\/\/www.trotec-blog.com\/ro\/wp-json\/wp\/v2\/categories?post=11695"},{"taxonomy":"post_tag","embeddable":true,"href":"https:\/\/www.trotec-blog.com\/ro\/wp-json\/wp\/v2\/tags?post=11695"}],"curies":[{"name":"wp","href":"https:\/\/api.w.org\/{rel}","templated":true}]}}