{"id":11468,"date":"2020-08-07T10:31:39","date_gmt":"2020-08-07T08:31:39","guid":{"rendered":"https:\/\/www.trotec-blog.com\/ro\/?p=11468"},"modified":"2020-08-07T10:32:10","modified_gmt":"2020-08-07T08:32:10","slug":"angajatii-ar-trebui-sa-fie-familiarizati-cu-aceste-reglementari-referitoare-la-fara-canicula-la-birou-si-sfatul-nostru-pentru-o-racorire-economica","status":"publish","type":"post","link":"https:\/\/www.trotec-blog.com\/ro\/blog\/trotec\/angajatii-ar-trebui-sa-fie-familiarizati-cu-aceste-reglementari-referitoare-la-fara-canicula-la-birou-si-sfatul-nostru-pentru-o-racorire-economica\/","title":{"rendered":"Angaja\u021bii ar trebui s\u0103 fie familiariza\u021bi cu aceste reglement\u0103ri referitoare la \u201ef\u0103r\u0103 canicul\u0103\u201d la birou &#8211; \u0219i sfatul nostru pentru o r\u0103corire economic\u0103"},"content":{"rendered":"<h2><a href=\"https:\/\/www.trotec-blog.com\/ro\/blog\/trotec\/angajatii-ar-trebui-sa-fie-familiarizati-cu-aceste-reglementari-referitoare-la-fara-canicula-la-birou-si-sfatul-nostru-pentru-o-racorire-economica\/\"><img loading=\"lazy\" class=\"alignnone size-full wp-image-11469\" src=\"https:\/\/www.trotec-blog.com\/ro\/files\/2020\/08\/tro_blog_hitzefrei_blogbild_1000x1000.jpg\" alt=\"\" width=\"1000\" height=\"1000\" srcset=\"https:\/\/www.trotec-blog.com\/ro\/files\/2020\/08\/tro_blog_hitzefrei_blogbild_1000x1000.jpg 1000w, https:\/\/www.trotec-blog.com\/ro\/files\/2020\/08\/tro_blog_hitzefrei_blogbild_1000x1000-200x200.jpg 200w, https:\/\/www.trotec-blog.com\/ro\/files\/2020\/08\/tro_blog_hitzefrei_blogbild_1000x1000-300x300.jpg 300w, https:\/\/www.trotec-blog.com\/ro\/files\/2020\/08\/tro_blog_hitzefrei_blogbild_1000x1000-768x768.jpg 768w, https:\/\/www.trotec-blog.com\/ro\/files\/2020\/08\/tro_blog_hitzefrei_blogbild_1000x1000-60x60.jpg 60w\" sizes=\"(max-width: 1000px) 100vw, 1000px\" \/><\/a><\/h2>\n<h2>E a\u0219a de cald! Deja diminea\u021ba, nu este u\u0219or s\u0103 mergi la birou, dar drumul \u00eenapoi spre cas\u0103 dup\u0103 o zi de munc\u0103 este o tortur\u0103 la aceste temperaturi tropicale de 37 de grade. \u0218i \u00eentre timp? Acela ce nu este \u00eentre cei care sunt \u00eenc\u0103 l\u0103sa\u021bi s\u0103 stea \u00een home office, g\u00e2ndurile diferitelor op\u021biuni de evadare de la birou v\u0103 vor veni cel t\u00e2rziu la pr\u00e2nz. \u201eF\u0103r\u0103 canicul\u0103\u201d ar fi o op\u021biune legal\u0103, dar ce reglement\u0103ri ar trebui respectate? Exper\u021bii \u00een domeniul dreptului muncii spun cum st\u0103 treaba\u0103 &#8211; \u0219i noi v\u0103 vom spune cum pute\u021bi savura r\u0103coarea , \u00een ciuda c\u0103ldurii \u00een\u0103bu\u0219itoare la locul de munc\u0103.<\/h2>\n<p><!--more--><\/p>\n<p>\u00cen valul de c\u0103ldur\u0103 actual, este permis s\u0103 \u00eenceta\u021bi s\u0103 lucra\u021bi? Cre\u0219terile deosebit de ridicate ale temperaturilor peste 20 la peste 30 de grade \u00een Germania ar trebui s\u0103 permit\u0103 \u0219i m\u0103suri neobi\u0219nuite? Ce se \u00eent\u00e2mpl\u0103 dac\u0103 termometrul continu\u0103 s\u0103 creasc\u0103? \u0218i de la ce temperatur\u0103, lucrul nu mai poate fi acceptabil oamenii normali? \u00centreb\u0103ri ca acestea sunt \u00een prezent dezb\u0103tute fierbinte \u00een multe birouri &#8211; dar cele mai eficiente r\u0103spunsuri se g\u0103sesc cel mai probabil la avoca\u021bii \u00een domeniul muncii. V-am rezumat pentru dumneavoastr\u0103 care este situa\u021bia actual\u0103 \u00een opinia exper\u021bilor, pe tema \u201ef\u0103r\u0103 canicul\u0103\u201d .<\/p>\n<h3>1. Nu exist\u0103 nicio reglementare privind dreptul muncii pe tema \u201ef\u0103r\u0103 c\u0103ldur\u0103\u201d.<\/h3>\n<p>Cu toate acestea, avoca\u021bii subliniaz\u0103 dreptul fundamental al salariatului de a \u00eenceta pur \u0219i simplu s\u0103 lucreze \u00een conformitate cu sec\u021biunea 273 (1) din Codul civil german dac\u0103 temperaturile sunt inacceptabile &#8211; p\u00e2n\u0103 c\u00e2nd fie angajatorul scade temperaturile la birou, fie vremea se schimb\u0103 de la sine. Desigur, acest lucru nu este \u00een sensul clasic \u0219i acest drept de a refuza se aplic\u0103 numai at\u00e2ta timp c\u00e2t temperaturile sunt de fapt inacceptabil de ridicate: dac\u0103 biroul se r\u0103ce\u0219te din nou, angajatul trebuie s\u0103 \u00ee\u0219i ia din nou locul \u00een birou.<\/p>\n<h3>2. Doar angajatorul poate acorda liber pe timp de canicul\u0103.<\/h3>\n<p>Oric\u00e2t de cald este \u00een exterior \u0219i \u00een interior &#8211; este la discre\u021bia angajatorului de a oferi angaja\u021bilor s\u0103i liber \u00een caz de canicul\u0103. Prin urmare, angaja\u021bii trebuie s\u0103 observe c\u0103, chiar \u0219i la cele mai ridicate temperaturi din birou, nu este permis s\u0103 p\u0103r\u0103seasc\u0103 locul de munc\u0103 f\u0103r\u0103 consultare prealabil\u0103.<\/p>\n<h3>3. Temperatura la locul de munc\u0103 urc\u0103 la 26 de grade.<\/h3>\n<p>Dac\u0103 temperatura din birou cre\u0219te la 26 de grade, angajatorul ar trebui s\u0103 ia m\u0103suri pentru a reduce sarcina de c\u0103ldur\u0103. Cu toate acestea, angajatorul trebuie s\u0103 ac\u021bioneze \u00een cazul \u00een care mamele care al\u0103pteaz\u0103 sau angaja\u021bii mai \u00een v\u00e2rst\u0103 sunt afecta\u021bi de temperaturi ale biroului peste 26,5 grade: Deoarece ace\u0219ti angaja\u021bi ar fi expu\u0219i la riscuri crescute, companiile trebuie s\u0103 remedieze situa\u021bia, de exemplu, prin ventila\u021bia nocturn\u0103, iar pe timpul zilei prin climatizare cu aparate de aer condi\u021bionat \u0219i ventilatoare gratuite.<\/p>\n<h3>4. Temperatura la locul de munc\u0103 urc\u0103 la 30 de grade.<\/h3>\n<p>Acum, angajatorul trebuie s\u0103 ia m\u0103suri de reducere a temperaturii pentru \u00eentregul birou. Ventila\u021bi diminea\u021ba devreme, c\u00e2nd temperaturile exterioare sunt \u00eenc\u0103 r\u0103coroase \u0219i oferi\u021bi b\u0103uturi. Reglement\u0103rile speciale se aplic\u0103 lucr\u0103torilor vulnerabili, cum ar fi femeile gravide &#8211; \u00een situa\u021bii de urgen\u021b\u0103 acestea chiar trebuie s\u0103 fie scutite de munc\u0103.<\/p>\n<h3>5. Temperatura la locul de munc\u0103 urc\u0103 la 35 de grade.<\/h3>\n<p>Peste 35 de grade, o camer\u0103 nu mai este considerat\u0103 potrivit\u0103 ca spa\u021biu de lucru. Odat\u0103 cu escaladarea temperaturilor, regulile la locului de munc\u0103 prev\u0103d m\u0103suri mai drastice. Se vorbe\u0219te de du\u0219uri de aer, perdele de ap\u0103 sau \u00eembr\u0103c\u0103minte de protec\u021bie termic\u0103 care sunt cu greu realizabile pentru majoritatea birourilor. Cu toate acestea, \u00een conformitate cu jurispruden\u021ba actual\u0103, riscul pentru s\u0103n\u0103tate este at\u00e2t de ridicat de la temperatura camerei de 35 de grade \u00eenc\u00e2t, f\u0103r\u0103 contram\u0103suri din partea angajatorului, cum ar fi ventilatoare, ap\u0103 potabil\u0103 gratuit\u0103 sau climatizare, se poate pretinde o reducere a programului de lucru.<\/p>\n<h3>Sfaturile noastre \u2013 ventilatoarele de mas\u0103 TVE 8 \/ TVE 9 confer\u0103 \u00eemprosp\u0103tare la locul de munc\u0103<\/h3>\n<p>A\u0219adar, doi noi angaja\u021bi sunt recomanda\u021bi pentru echipa dvs., care asigur\u0103 mult\u0103 v\u00e2nt proasp\u0103t: Ventilatorul de mas\u0103 TVE 8 \u00een design negru elegant \u0219i TVE 9 identic structural dar \u00een alb elegant vin la birou la un pre\u021b mic, aduc r\u0103cirea dorit\u0103 cu 30 de wa\u021bi de putere \u0219i sunt silen\u021bioase datorit\u0103 palelor de ventilare perfect calibrate la nivelul cel mai mic de vitez\u0103.<\/p>\n<h3>Ventilatoarele de mas\u0103 TVE 8 \/ TVE 9 \u2013 calitate de marc\u0103 de la Trotec<\/h3>\n<p>Profita\u021bi de calitatea de marc\u0103 de la Trotec ca un garant al valorii, siguran\u021bei \u0219i func\u021bionalit\u0103\u021bii. Comanda\u021bi cel mai bine \u00een magayinul nostru online ventilatoarul de mas\u0103 TVE 8 \/ TVE 9 la cele mai atractive condi\u021bii de achizi\u021bionare &#8211; acum \u00een Trotec-Shop!<\/p>\n<ul>\n<li><a href=\"https:\/\/www.trotec24.ro\/masini\/ventilatie\/ventilatoare-seria-tve\/ventilator-de-masa-tve-8.html?rc=783e2f47dd\" class=\"broken_link\"><strong>Ventilator de mas\u0103 TVE 8<\/strong><\/a><\/li>\n<li><a href=\"https:\/\/www.trotec24.ro\/masini\/ventilatie\/ventilatoare-seria-tve\/ventilator-de-masa-tve-9.html?rc=783e2f47dd\" class=\"broken_link\"><strong>Ventilator de mas\u0103 TVE 9<\/strong><\/a><\/li>\n<\/ul>\n<p>&nbsp;<\/p>\n","protected":false},"excerpt":{"rendered":"<p>E a\u0219a de cald! Deja diminea\u021ba, nu este u\u0219or s\u0103 mergi la birou, dar drumul \u00eenapoi spre cas\u0103 dup\u0103 o zi de munc\u0103 este o tortur\u0103 la aceste temperaturi tropicale de 37 de grade. \u0218i \u00eentre timp? Acela ce nu este \u00eentre cei care sunt \u00eenc\u0103 l\u0103sa\u021bi s\u0103 stea \u00een home office, g\u00e2ndurile diferitelor op\u021biuni [&hellip;]<\/p>\n","protected":false},"author":66,"featured_media":11469,"comment_status":"open","ping_status":"open","sticky":false,"template":"","format":"standard","meta":[],"categories":[6,9,2],"tags":[739,1230,88,39],"_links":{"self":[{"href":"https:\/\/www.trotec-blog.com\/ro\/wp-json\/wp\/v2\/posts\/11468"}],"collection":[{"href":"https:\/\/www.trotec-blog.com\/ro\/wp-json\/wp\/v2\/posts"}],"about":[{"href":"https:\/\/www.trotec-blog.com\/ro\/wp-json\/wp\/v2\/types\/post"}],"author":[{"embeddable":true,"href":"https:\/\/www.trotec-blog.com\/ro\/wp-json\/wp\/v2\/users\/66"}],"replies":[{"embeddable":true,"href":"https:\/\/www.trotec-blog.com\/ro\/wp-json\/wp\/v2\/comments?post=11468"}],"version-history":[{"count":4,"href":"https:\/\/www.trotec-blog.com\/ro\/wp-json\/wp\/v2\/posts\/11468\/revisions"}],"predecessor-version":[{"id":11473,"href":"https:\/\/www.trotec-blog.com\/ro\/wp-json\/wp\/v2\/posts\/11468\/revisions\/11473"}],"wp:featuredmedia":[{"embeddable":true,"href":"https:\/\/www.trotec-blog.com\/ro\/wp-json\/wp\/v2\/media\/11469"}],"wp:attachment":[{"href":"https:\/\/www.trotec-blog.com\/ro\/wp-json\/wp\/v2\/media?parent=11468"}],"wp:term":[{"taxonomy":"category","embeddable":true,"href":"https:\/\/www.trotec-blog.com\/ro\/wp-json\/wp\/v2\/categories?post=11468"},{"taxonomy":"post_tag","embeddable":true,"href":"https:\/\/www.trotec-blog.com\/ro\/wp-json\/wp\/v2\/tags?post=11468"}],"curies":[{"name":"wp","href":"https:\/\/api.w.org\/{rel}","templated":true}]}}