{"id":11424,"date":"2020-08-04T08:22:05","date_gmt":"2020-08-04T06:22:05","guid":{"rendered":"https:\/\/www.trotec-blog.com\/ro\/?p=11424"},"modified":"2021-10-04T06:19:38","modified_gmt":"2021-10-04T04:19:38","slug":"virusul-corona-creste-pericolul-de-atac-celebral-la-oamenii-tineri-preventia-contra-infectiilor-este-purificatorul-de-aer-de-mare-frecventa-de-la-trotec","status":"publish","type":"post","link":"https:\/\/www.trotec-blog.com\/ro\/blog\/trotec\/virusul-corona-creste-pericolul-de-atac-celebral-la-oamenii-tineri-preventia-contra-infectiilor-este-purificatorul-de-aer-de-mare-frecventa-de-la-trotec\/","title":{"rendered":"Virusul Corona cre\u0219te pericolul de como\u021bie celebral\u0103 la oamenii tineri. Preven\u021bia contra infec\u021biilor este purificatorul de aer de mare frecven\u021b\u0103 de la Trotec"},"content":{"rendered":"<p><a href=\"https:\/\/www.trotec-blog.com\/ro\/blog\/trotec\/virusul-corona-creste-pericolul-de-atac-celebral-la-oamenii-tineri-preventia-contra-infectiilor-este-purificatorul-de-aer-de-mare-frecventa-de-la-trotec\/\"><img loading=\"lazy\" class=\"alignnone size-full wp-image-11425\" src=\"https:\/\/www.trotec-blog.com\/ro\/files\/2020\/08\/BLANKO_blog_TACV_Neuro-Covid_blogbild_1000x1000.jpg\" alt=\"\" width=\"1000\" height=\"1000\" srcset=\"https:\/\/www.trotec-blog.com\/ro\/files\/2020\/08\/BLANKO_blog_TACV_Neuro-Covid_blogbild_1000x1000.jpg 1000w, https:\/\/www.trotec-blog.com\/ro\/files\/2020\/08\/BLANKO_blog_TACV_Neuro-Covid_blogbild_1000x1000-200x200.jpg 200w, https:\/\/www.trotec-blog.com\/ro\/files\/2020\/08\/BLANKO_blog_TACV_Neuro-Covid_blogbild_1000x1000-300x300.jpg 300w, https:\/\/www.trotec-blog.com\/ro\/files\/2020\/08\/BLANKO_blog_TACV_Neuro-Covid_blogbild_1000x1000-768x768.jpg 768w, https:\/\/www.trotec-blog.com\/ro\/files\/2020\/08\/BLANKO_blog_TACV_Neuro-Covid_blogbild_1000x1000-60x60.jpg 60w\" sizes=\"(max-width: 1000px) 100vw, 1000px\" \/><\/a><\/p>\n<h2>\u2022 Virusul Corona este mai nociv dec\u00e2t se credea p\u00e2n\u0103 nu demult.<br \/>\n\u2022 Num\u0103rul de infec\u021bii cre\u0219te zilnic \u0219i pune \u00een pericol economia.<br \/>\n\u2022 Purificator de aer de mare frecven\u021b\u0103 de la Trotec treze\u0219te speran\u021ba \u00een lupta contra virusului.<\/h2>\n<p><!--more--><\/p>\n<p>C\u00e2t de periculos este virusul corona pentru persoanele infectate este \u00een prezent subiectul dezbaterilor \u0219i discu\u021biilor aprinse.\u00cen timp ce zeci de mii au ie\u0219it \u00een strad\u0103 la Berlin \u00een weekend pentru a protesta \u00eempotriva m\u0103surilor contra Corona, un studiu recent din Italia descrie efectele asupra s\u0103n\u0103t\u0103\u021bii \u0219i consecin\u021bele unei infec\u021bii cu Corona. \u00cen consecin\u021b\u0103, agentul patogen COVID-19 nu afecteaz\u0103 numai tractul respirator, a\u0219a cum s-a presupus ini\u021bial. Infec\u021bia poate deteriora aproape toate organele vitale. Pl\u0103m\u00e2nii, inima, dar \u0219i creierul. Consecin\u021bele neurologice ale contagiunii cu virusul Corona variaz\u0103 de la tulbur\u0103ri frecvente ale mirosului \u0219i gustului p\u00e2n\u0103 la complica\u021bii neurologice, cum ar fi leziunile creierului \u0219i atacurile cerebrale. Studiul a fost publicat \u00een revista de specialitate <a href=\"https:\/\/jamanetwork.com\/journals\/jama\/fullarticle\/2768351\" target=\"_blank\" rel=\"noopener\" class=\"broken_link\"><strong>\u201eJAMA\u201c<\/strong><\/a>\u00a0 \u00een limba englez\u0103.<\/p>\n<h3>NEURO-COVID: consecin\u021be neurologice chiar \u0219i la oamenii tineri<\/h3>\n<p>Este deosebit de \u00eengrijor\u0103tor faptul c\u0103 aceste simptome apar \u0219i la pacien\u021bii tineri, \u201es\u0103n\u0103to\u0219i vascular\u201d.\u00a0P\u00e2n\u0103 \u00een prezent, doar persoanele \u00een v\u00e2rst\u0103 de 65 de ani \u0219i peste cu diferite boli anterioare au fost considerate a fi \u00een special \u00een pericol. Pe baza acestor noi observa\u021bii, exper\u021bii interna\u021bionali vorbesc deja despre \u201eNeuro-COVID\u201d. Potrivit unui studiu realizat de Charit\u00e9-ul din Berlin, acest lucru s-ar putea datora sistemului imunitar al organismului. Studiile par s\u0103 demonstreze c\u0103 sistemul imunitar la pacien\u021bii cu COVID-19 grav bolnavi poate viza propriile celule ale organismului. Cu toate acestea, cercet\u0103torii de la Charit\u00e9 nu pot explica \u00eenc\u0103 de ce se \u00eent\u00e2mpl\u0103 acest lucru. \u201eNu au fost \u00eenc\u0103 clarificate toate pathomecanismele care duc la implicarea neurologic\u0103 la pacien\u021bii cu COVID-19 \u201d, explic\u0103 profesorul Dr. Peter Berlit, secretar general al Societ\u0103\u021bii Germane de Neurologie (DGN).<\/p>\n<h3>Ce \u00eenseamn\u0103 aceste noi descoperiri pentru via\u021ba noastr\u0103 de zi cu zi??<\/h3>\n<p>Este o concep\u021bie gre\u0219it\u0103 s\u0103 crezi c\u0103 COVID-19 este mai pu\u021bin periculos dec\u00e2t s\u0103 fii infectat cu grip\u0103. At\u00e2ta timp c\u00e2t nu exist\u0103 un vaccin care s\u0103 protejeze \u00eempotriva bolii COVID-19, obiectivul de baz\u0103 pentru companii, \u0219coli, autorit\u0103\u021bi \u0219i institu\u021bii publice trebuie s\u0103 fie minimizarea riscului de infec\u021bie \u00een \u00eenc\u0103perile \u00eenchise. Deoarece aproape 80 la sut\u0103 din toate infec\u021biile cu coron\u0103 apar prin pic\u0103turi \u0219i aerosoli infec\u021bio\u0219i \u00een aerul de camer\u0103 nefiltrat.<\/p>\n<h3>Aerosolii \u2013 riscul nev\u0103zut de infec\u021bii din spa\u021biile \u00eenchise<\/h3>\n<p>Aerosolii sunt un amestec de gaze (de obicei aer) \u0219i componente solide sau lichide care con\u021bin viru\u0219i la persoanele bolnave. Aceste particule mici sunt eliberate \u00een \u00eenc\u0103pere \u00een timp ce respira\u021bi \u0219i vorbi\u021bi. \u00cen timp ce pic\u0103turile mai mari cad la sol dup\u0103 doar 1,5 metri datorit\u0103 greut\u0103\u021bii lor (de aici regula distan\u021bei de 1,5 m), particulele de aerosoli infec\u021bioase plutesc datorit\u0103 dimensiunilor mici (aproximativ 0,3-0,4 \u00b5m) c\u00e2teva ore \u00een aer &#8211; \u0219i sunt inhalate!<\/p>\n<p><iframe loading=\"lazy\" width=\"648\" height=\"365\" src=\"https:\/\/www.youtube.com\/embed\/jHYQio97e_w?feature=oembed&#038;enablejsapi=1&#038;origin=https:\/\/www.trotec-blog.com\/ro\" frameborder=\"0\" allow=\"accelerometer; autoplay; encrypted-media; gyroscope; picture-in-picture\" allowfullscreen><\/iframe><\/p>\n<h3><strong>Costuri mici de investi\u021bii fac posibile protec\u021bii contra infec\u021biilor<br \/>\n<\/strong><\/h3>\n<p>P\u00e2n\u0103 \u00een prezent, multe companii nu aveau pur \u0219i simplu mijloace financiare pentru a-\u0219i proteja pe deplin angaja\u021bii \u0219i clien\u021bii. Sistemele adecvate de protec\u021bie sunt legate de costuri mari de investi\u021bii, la care o companie de dimensiuni medii poate face fa\u021b\u0103 cu greu. Tehnologia inovatoare de filtrare HEPA a <a href=\"https:\/\/www.trotec24.ro\/masini\/purificarea-aerului\/purificatoare-de-aer-seria-tac?rc=783e2f47dd\" class=\"broken_link\"><strong>dispozitivului mobil TAC V +<\/strong><\/a> are ca rezultat acum m\u0103suri de protec\u021bie complet noi pentru companii.<\/p>\n<h3>Conceptul purific\u0103rii aerului cu succes prin primele test\u0103ri clinice cu purificatorul de aer TAC V+ se bazeaz\u0103 pe dou\u0103 coloane:<\/h3>\n<ul>\n<li>Pe de o parte, concentra\u021bia de aerosoli din aerul din \u00eenc\u0103pere este diluat\u0103 continuu \u00een mod eficient cu aer pur filtrat de filtrul HEPA. \u00cen acest scop, purificatorul de aer are o performan\u021b\u0103 f\u0103r\u0103 precedent de puritate ridicat\u0103, ceea ce permite o rat\u0103 de schimb de aer de p\u00e2n\u0103 la 20 de ori pe or\u0103.<\/li>\n<li>Mai mult, viru\u0219ii \u0219i bacteriile transmise \u00een aer sunt mai \u00eent\u00e2i separate \u00eentr-un filtru de particule HEPA rezistent la c\u0103ldur\u0103 \u0219i apoi uci\u0219i ciclic prin decontaminare termic\u0103. Acest filtru special din clasa de protec\u021bie 14 dezvoltat exclusiv de firma Trotec, este caracterizat printr-un grad de separare de 99,995 la sut\u0103 cu dimensiuni de particule de la 0,1 p\u00e2n\u0103 la 0,2 um. Datorit\u0103 acestor propriet\u0103\u021bi, filtrele de \u00eenalt\u0103 performan\u021b\u0103 H14 sunt utilizate chiar \u0219i \u00een s\u0103lile de opera\u021bie \u0219i pentru producerea de aer sterilizat \u00een zone sensibile la igien\u0103.<\/li>\n<\/ul>\n<p>Altfel spus, purificatorul de aer transfer\u0103 situa\u021bia aerului de afar\u0103 \u00een situa\u021biile din \u00eenc\u0103perile \u00eenchise \u0219i completeaz\u0103 acest lucru cu filtrarea extrem de eficient\u0103 \u0219i inactivarea viru\u0219ilor.<\/p>\n<h3>Aerisire combinat\u0103 cu filtrare HEPA f\u0103r\u0103 s\u0103 aduc\u0103 aerul proasp\u0103t de afar\u0103<\/h3>\n<p>Exper\u021bii clasific\u0103 riscul de infec\u021bie \u00een aerul liber ca extrem de sc\u0103zut, deoarece norii de aerosoli sunt imediat dilua\u021bi \u0219i plimba\u021bi din cauza mi\u0219c\u0103rii aerului. Acest principiu de diluare \u2013 cu filtrare antivirus extrem de eficient\u0103 o face posibil\u0103 purificatorului <a href=\"https:\/\/www.trotec24.ro\/masini\/purificarea-aerului\/purificatoare-de-aer-seria-tac?rc=783e2f47dd\" class=\"broken_link\"><strong>TAC V+<\/strong><\/a> \u00een interioarele \u00eenchise, f\u0103r\u0103 a fi nevoie s\u0103 deschizi ferestre sau u\u0219ile. Filtrul de aer genereaz\u0103 \u201eaerul proasp\u0103t\u201d necesar prin filtrul s\u0103u HEPA H14 extrem de eficient. Aerul atras este eliberat de viru\u0219i, bacterii \u0219i particule \u00een suspensie \u0219i este eliberat \u00eenapoi \u00een \u00eenc\u0103pere ca aer pur nepoluat.<\/p>\n<p><a href=\"https:\/\/www.trotec-blog.com\/ro\/files\/2020\/06\/Luftkreislauf-TACV.jpg\"><img loading=\"lazy\" class=\"alignnone size-full wp-image-10756\" src=\"https:\/\/www.trotec-blog.com\/ro\/files\/2020\/06\/Luftkreislauf-TACV.jpg\" alt=\"\" width=\"1000\" height=\"567\" srcset=\"https:\/\/www.trotec-blog.com\/ro\/files\/2020\/06\/Luftkreislauf-TACV.jpg 1000w, https:\/\/www.trotec-blog.com\/ro\/files\/2020\/06\/Luftkreislauf-TACV-300x170.jpg 300w, https:\/\/www.trotec-blog.com\/ro\/files\/2020\/06\/Luftkreislauf-TACV-768x435.jpg 768w, https:\/\/www.trotec-blog.com\/ro\/files\/2020\/06\/Luftkreislauf-TACV-200x113.jpg 200w\" sizes=\"(max-width: 1000px) 100vw, 1000px\" \/><\/a><\/p>\n<p>Ceea ce sun\u0103 foarte tehnic \u00een teorie, se dovede\u0219te a fi extrem de simplu \u00een practic\u0103 \u0219i are efecte reduse asupra func\u021bion\u0103rii normale. Zgomotul de lucru al purificatorului TAC V + este \u00een general sub zgomotul de fundal obi\u0219nuit, astfel \u00eenc\u00e2t lec\u021biile nu sunt afectate \u00een niciun fel. Aspirarea aerului contaminat din \u00eenc\u0103pere are loc l\u00e2ng\u0103 podea, aerul curat f\u0103r\u0103 virus este eliberat vertical \u00een sus \u00een \u00eenc\u0103pere.<\/p>\n<p>Datorit\u0103 construc\u021biei mobile, utilizarea mai multor purificatoare TAC V + permite crearea chiar a unor zone mari de aer curat f\u0103r\u0103 aerosoli. Aceste zone pot fi de exemplu, s\u0103li de clas\u0103, zone comune \u0219i cantine \u0219colare sau camere pentru profesori, s\u0103li de pauz\u0103 \u0219i s\u0103li de muzic\u0103 \u0219i multe alte domenii.<\/p>\n<p><a href=\"https:\/\/www.trotec-blog.com\/ro\/files\/2020\/08\/Anwendungen.jpg\"><img loading=\"lazy\" class=\"alignnone size-full wp-image-11426\" src=\"https:\/\/www.trotec-blog.com\/ro\/files\/2020\/08\/Anwendungen.jpg\" alt=\"\" width=\"1000\" height=\"250\" srcset=\"https:\/\/www.trotec-blog.com\/ro\/files\/2020\/08\/Anwendungen.jpg 1000w, https:\/\/www.trotec-blog.com\/ro\/files\/2020\/08\/Anwendungen-300x75.jpg 300w, https:\/\/www.trotec-blog.com\/ro\/files\/2020\/08\/Anwendungen-768x192.jpg 768w, https:\/\/www.trotec-blog.com\/ro\/files\/2020\/08\/Anwendungen-200x50.jpg 200w\" sizes=\"(max-width: 1000px) 100vw, 1000px\" \/><\/a><\/p>\n<p><a href=\"https:\/\/www.trotec24.ro\/masini\/purificarea-aerului\/purificatoare-de-aer-seria-tac?rc=783e2f47dd\" class=\"broken_link\"><strong>Purificatorul mobil de aer TAC V+<\/strong><\/a> se poate achizi\u021biona \u00een magazinul nostru online Trotec-Shop \u00een mai multe culori.<\/p>\n<p><strong>Pentru \u0219coli, universit\u0103\u021bi \u0219i cl\u0103diri publice avem condi\u021bii speciale de achizi\u021bionare a acestor purificatoare. Lua\u021bi leg\u0103tura cu consilierul nostru:<\/strong><\/p>\n<p><strong>Trotec GmbH<\/strong><\/p>\n<p><strong>Domnul Jochem Weingartz<\/strong><br \/>\nTelefon: +49 2452 962-137,<\/p>\n<p><a href=\"mailto:jochem.weingartz@trotec.com\" target=\"_blank\" rel=\"noopener\"><strong>jochem.weingartz@trotec.com<\/strong><\/a><\/p>\n<p>&nbsp;<\/p>\n","protected":false},"excerpt":{"rendered":"<p>\u2022 Virusul Corona este mai nociv dec\u00e2t se credea p\u00e2n\u0103 nu demult. \u2022 Num\u0103rul de infec\u021bii cre\u0219te zilnic \u0219i pune \u00een pericol economia. \u2022 Purificator de aer de mare frecven\u021b\u0103 de la Trotec treze\u0219te speran\u021ba \u00een lupta contra virusului.<\/p>\n","protected":false},"author":66,"featured_media":11425,"comment_status":"open","ping_status":"open","sticky":false,"template":"","format":"standard","meta":[],"categories":[6,8,2],"tags":[1434,1445,1465,560,906,1545,1532],"_links":{"self":[{"href":"https:\/\/www.trotec-blog.com\/ro\/wp-json\/wp\/v2\/posts\/11424"}],"collection":[{"href":"https:\/\/www.trotec-blog.com\/ro\/wp-json\/wp\/v2\/posts"}],"about":[{"href":"https:\/\/www.trotec-blog.com\/ro\/wp-json\/wp\/v2\/types\/post"}],"author":[{"embeddable":true,"href":"https:\/\/www.trotec-blog.com\/ro\/wp-json\/wp\/v2\/users\/66"}],"replies":[{"embeddable":true,"href":"https:\/\/www.trotec-blog.com\/ro\/wp-json\/wp\/v2\/comments?post=11424"}],"version-history":[{"count":8,"href":"https:\/\/www.trotec-blog.com\/ro\/wp-json\/wp\/v2\/posts\/11424\/revisions"}],"predecessor-version":[{"id":13872,"href":"https:\/\/www.trotec-blog.com\/ro\/wp-json\/wp\/v2\/posts\/11424\/revisions\/13872"}],"wp:featuredmedia":[{"embeddable":true,"href":"https:\/\/www.trotec-blog.com\/ro\/wp-json\/wp\/v2\/media\/11425"}],"wp:attachment":[{"href":"https:\/\/www.trotec-blog.com\/ro\/wp-json\/wp\/v2\/media?parent=11424"}],"wp:term":[{"taxonomy":"category","embeddable":true,"href":"https:\/\/www.trotec-blog.com\/ro\/wp-json\/wp\/v2\/categories?post=11424"},{"taxonomy":"post_tag","embeddable":true,"href":"https:\/\/www.trotec-blog.com\/ro\/wp-json\/wp\/v2\/tags?post=11424"}],"curies":[{"name":"wp","href":"https:\/\/api.w.org\/{rel}","templated":true}]}}