{"id":11191,"date":"2020-07-14T13:09:59","date_gmt":"2020-07-14T11:09:59","guid":{"rendered":"https:\/\/www.trotec-blog.com\/ro\/?p=11191"},"modified":"2020-07-14T13:11:44","modified_gmt":"2020-07-14T11:11:44","slug":"noutate-radiatorul-cu-infrarosu-ir-2570-s-cu-putere-de-2-500-watt-in-trei-trepte-fara-zgomot-curat-fara-miros","status":"publish","type":"post","link":"https:\/\/www.trotec-blog.com\/ro\/blog\/trotec\/noutate-radiatorul-cu-infrarosu-ir-2570-s-cu-putere-de-2-500-watt-in-trei-trepte-fara-zgomot-curat-fara-miros\/","title":{"rendered":"NOUTATE Radiatorul cu infraro\u0219u IR 2570 S cu putere de 2.500 Watt \u00een trei trepte \u2013 f\u0103r\u0103 zgomot, curat, f\u0103r\u0103 miros"},"content":{"rendered":"<h2><a href=\"https:\/\/www.trotec-blog.com\/ro\/blog\/trotec\/noutate-radiatorul-cu-infrarosu-ir-2570-s-cu-putere-de-2-500-watt-in-trei-trepte-fara-zgomot-curat-fara-miros\/\"><img loading=\"lazy\" class=\"alignnone size-full wp-image-11192\" src=\"https:\/\/www.trotec-blog.com\/ro\/files\/2020\/07\/RO_tro_blog_ir2570s_blogbild_1000x1000.jpg\" alt=\"\" width=\"1000\" height=\"1000\" srcset=\"https:\/\/www.trotec-blog.com\/ro\/files\/2020\/07\/RO_tro_blog_ir2570s_blogbild_1000x1000.jpg 1000w, https:\/\/www.trotec-blog.com\/ro\/files\/2020\/07\/RO_tro_blog_ir2570s_blogbild_1000x1000-200x200.jpg 200w, https:\/\/www.trotec-blog.com\/ro\/files\/2020\/07\/RO_tro_blog_ir2570s_blogbild_1000x1000-300x300.jpg 300w, https:\/\/www.trotec-blog.com\/ro\/files\/2020\/07\/RO_tro_blog_ir2570s_blogbild_1000x1000-768x768.jpg 768w, https:\/\/www.trotec-blog.com\/ro\/files\/2020\/07\/RO_tro_blog_ir2570s_blogbild_1000x1000-60x60.jpg 60w\" sizes=\"(max-width: 1000px) 100vw, 1000px\" \/><\/a><\/h2>\n<h2>Cine spune c\u0103 nu pute\u021bi folosi terasa sau balconul ca o oaz\u0103 de bun\u0103stare chiar \u0219i \u00een orele mai reci de sear\u0103? \u0218i ca spa\u021biu de locuit extins tot anul? Cu ajutorul a 2.500 de wa\u021bi, noul radiator cu infraro\u0219u IR 2570 S produce o \u00eenc\u0103lzire lini\u0219titoare prin simpla ap\u0103sare ap\u0103sarea pe buton. \u0218i datorit\u0103 unghiului de \u00eenclinare care poate fi reglat cu 90 \u00b0, asigur\u0103 \u00een domeniile acoperite &#8211; chiar \u0219i \u00een gastronomie o yon\u0103 de \u00eenc\u0103lzire pl\u0103cut\u0103. Dotarea confortabil\u0103 a radiatorului completat\u0103 de telecomanda \u0219i func\u021bia de temporizare. Printre altele!<\/h2>\n<p><!--more--><\/p>\n<p>C\u0103ldura radiat\u0103 de noul <a href=\"https:\/\/www.trotec24.ro\/masini\/incalzire\/panouri-cu-infrarosu\/radiator-cu-infrarosu-ir-2570-s.html?rc=783e2f47dd\" class=\"broken_link\"><strong>IR 2570 S<\/strong><\/a>, care este deosebit de pl\u0103cut pe piele, v\u0103 este disponibil imediat dup\u0103 pornire. Puterea de \u00eenc\u0103lzire selectabil\u0103 \u00een trei etape (850 W, 1.650 W, 2.500 W) poate fi dozat\u0103 fie prin intermediul panoului de control din lateral, fie prin intermediul telecomenzii IR furnizate \u0219i ea la livrare. \u00cen domeniul gastronomic, \u00eenc\u0103lzitorul radiant, care poate fi reglat cu precizie datorit\u0103 unghiului de \u00eenclinare reglabil la 90 \u00b0, permite, de asemenea locuri de \u0219edere cu temperaturi pl\u0103cute \u00een zona exterioar\u0103 acoperit\u0103, cu costuri relativ mici de \u00eenc\u0103lzire.<\/p>\n<h3>A\u0219a func\u021bioneaz\u0103<\/h3>\n<p>Elementul de \u00eenc\u0103lzire cu cuar\u021b de \u00eenalt\u0103 calitate al <a href=\"https:\/\/www.trotec24.ro\/masini\/incalzire\/panouri-cu-infrarosu\/radiator-cu-infrarosu-ir-2570-s.html?rc=783e2f47dd\" class=\"broken_link\"><strong>radiatorului cu infraro\u0219u IR 2570 S<\/strong><\/a> genereaz\u0103 c\u0103ldur\u0103 conform principiului natural al radia\u021biei solare (c\u0103ldur\u0103 \u00een infraro\u0219u). \u0218i acest lucru este deosebit de eficient din punct de vedere energetic, deoarece o mare parte din energia utilizat\u0103 este transformat\u0103 \u00een c\u0103ldur\u0103 direct\u0103. Aerul ambiental r\u0103m\u00e2ne lipsit de mirosuri nepl\u0103cute de combustie \u0219i deoarece \u00eenc\u0103lzitorul radiant func\u021bioneaz\u0103 f\u0103r\u0103 un ventilator zgomotos, nu se turbioneaz\u0103 praful \u0219i este Ideal pentru bolnavii de alergie \u0219i persoanele cu c\u0103i respiratorii sensibile.<\/p>\n<p>\u00cen plus, \u00eenc\u0103lzitorul radiant \u00een infraro\u0219u are un afi\u0219aj LED, un indicator luminos \u0219i o func\u021bie de temporizare de 24 de ore, cu care pute\u021bi programa \u00een mod convenabil ora de oprire \u00een pa\u0219i de 1 or\u0103. Aparatul se opre\u0219te automat \u0219i economise\u0219te energie dup\u0103 timpul de func\u021bionare prestabilit. Radiatorul, care este protejat \u00eempotriva prafului \u0219i a stropirii apei din toate p\u0103r\u021bile conform clasei de protec\u021bie IP34, este potrivit pentru montarea pe perete \u00een zonele acoperite \u00een aer liber. Desigur, suportul de perete necesar pentru montare este deja inclus \u00een furnitur\u0103 la livrare. Op\u021bional, radiatorul cu infraro\u0219u poate fi montat \u0219i pe un trepied telescopic disponibil ca accesoriu \u0219i astfel pozi\u021bionat \u0219i mai flexibil ca model independent. \u00cen acest fel, pute\u021bi cre\u0219te \u0219i mai mult raza de utilizare a \u00eenc\u0103lzitorului radiant cu l\u0103\u021bimea de 900 mm &#8211; temporar \u0219i pe zonele exterioare neacoperite.<\/p>\n<h3>Patru dintre avantajele care pe mine m-au convins:<\/h3>\n<ul>\n<li>c\u0103ldur\u0103 cu inraro\u0219u f\u0103r\u0103 o pre\u00eenc\u0103lzire<\/li>\n<li>repartizare uniform\u0103 a c\u0103ldurii<\/li>\n<li>curat, f\u0103r\u0103 condens, f\u0103r\u0103 miros \u0219i f\u0103r\u0103 zgomot<\/li>\n<li>potrivit \u00een a fi utilizat de c\u0103tre cei alergici prin lipsa turbion\u0103rii prafului<\/li>\n<\/ul>\n<h3>Radiator cu infraro\u0219u IR 2570 S \u2013 calitate de marc\u0103 de la Trotec<\/h3>\n<p>Profita\u021bi de calitatea de marc\u0103 de la Trotec ca un garant al valorii, siguran\u021bei \u0219i func\u021bionalit\u0103\u021bii. Comanda\u021bi \u00een magazinul nostru online <a href=\"https:\/\/www.trotec24.ro\/masini\/incalzire\/panouri-cu-infrarosu\/radiator-cu-infrarosu-ir-2570-s.html?rc=783e2f47dd\" class=\"broken_link\"><strong>radiatorul cu infraro\u0219u IR 2570 S<\/strong><\/a> la cele mai atractive pre\u021buri &#8211; acum \u00een Trotec-Shop!<\/p>\n<p><strong>Livrare \u00eencep\u00e2nd cu s\u0103pt\u0103m\u00e2na de lucru 36<\/strong><\/p>\n","protected":false},"excerpt":{"rendered":"<p>Cine spune c\u0103 nu pute\u021bi folosi terasa sau balconul ca o oaz\u0103 de bun\u0103stare chiar \u0219i \u00een orele mai reci de sear\u0103? \u0218i ca spa\u021biu de locuit extins tot anul? Cu ajutorul a 2.500 de wa\u021bi, noul radiator cu infraro\u0219u IR 2570 S produce o \u00eenc\u0103lzire lini\u0219titoare prin simpla ap\u0103sare ap\u0103sarea pe buton. \u0218i datorit\u0103 [&hellip;]<\/p>\n","protected":false},"author":66,"featured_media":11193,"comment_status":"open","ping_status":"open","sticky":false,"template":"","format":"standard","meta":[],"categories":[6,2],"tags":[30,1585,187],"_links":{"self":[{"href":"https:\/\/www.trotec-blog.com\/ro\/wp-json\/wp\/v2\/posts\/11191"}],"collection":[{"href":"https:\/\/www.trotec-blog.com\/ro\/wp-json\/wp\/v2\/posts"}],"about":[{"href":"https:\/\/www.trotec-blog.com\/ro\/wp-json\/wp\/v2\/types\/post"}],"author":[{"embeddable":true,"href":"https:\/\/www.trotec-blog.com\/ro\/wp-json\/wp\/v2\/users\/66"}],"replies":[{"embeddable":true,"href":"https:\/\/www.trotec-blog.com\/ro\/wp-json\/wp\/v2\/comments?post=11191"}],"version-history":[{"count":4,"href":"https:\/\/www.trotec-blog.com\/ro\/wp-json\/wp\/v2\/posts\/11191\/revisions"}],"predecessor-version":[{"id":11227,"href":"https:\/\/www.trotec-blog.com\/ro\/wp-json\/wp\/v2\/posts\/11191\/revisions\/11227"}],"wp:featuredmedia":[{"embeddable":true,"href":"https:\/\/www.trotec-blog.com\/ro\/wp-json\/wp\/v2\/media\/11193"}],"wp:attachment":[{"href":"https:\/\/www.trotec-blog.com\/ro\/wp-json\/wp\/v2\/media?parent=11191"}],"wp:term":[{"taxonomy":"category","embeddable":true,"href":"https:\/\/www.trotec-blog.com\/ro\/wp-json\/wp\/v2\/categories?post=11191"},{"taxonomy":"post_tag","embeddable":true,"href":"https:\/\/www.trotec-blog.com\/ro\/wp-json\/wp\/v2\/tags?post=11191"}],"curies":[{"name":"wp","href":"https:\/\/api.w.org\/{rel}","templated":true}]}}