{"id":11086,"date":"2020-06-29T09:03:40","date_gmt":"2020-06-29T07:03:40","guid":{"rendered":"https:\/\/www.trotec-blog.com\/ro\/?p=11086"},"modified":"2020-06-29T09:03:57","modified_gmt":"2020-06-29T07:03:57","slug":"ventilator-cu-picior-tve-25-s-confera-afara-si-in-interior-o-racorire-reconfortanta-acum-din-nou-livrabil","status":"publish","type":"post","link":"https:\/\/www.trotec-blog.com\/ro\/blog\/trotec\/ventilator-cu-picior-tve-25-s-confera-afara-si-in-interior-o-racorire-reconfortanta-acum-din-nou-livrabil\/","title":{"rendered":"Ventilator cu picior TVE 25 S: confer\u0103 afar\u0103 \u0219i \u00een interior o r\u0103corire reconfortant\u0103 \u2013 acum din nou livrabil"},"content":{"rendered":"<h2><a href=\"https:\/\/www.trotec-blog.com\/ro\/blog\/trotec\/ventilator-cu-picior-tve-25-s-confera-afara-si-in-interior-o-racorire-reconfortanta-acum-din-nou-livrabil\/\"><img loading=\"lazy\" class=\"alignnone size-full wp-image-11087\" src=\"https:\/\/www.trotec-blog.com\/ro\/files\/2020\/06\/tro_blog_TVE25S_blogbild_1000x1000.jpg\" alt=\"\" width=\"1000\" height=\"1000\" srcset=\"https:\/\/www.trotec-blog.com\/ro\/files\/2020\/06\/tro_blog_TVE25S_blogbild_1000x1000.jpg 1000w, https:\/\/www.trotec-blog.com\/ro\/files\/2020\/06\/tro_blog_TVE25S_blogbild_1000x1000-200x200.jpg 200w, https:\/\/www.trotec-blog.com\/ro\/files\/2020\/06\/tro_blog_TVE25S_blogbild_1000x1000-300x300.jpg 300w, https:\/\/www.trotec-blog.com\/ro\/files\/2020\/06\/tro_blog_TVE25S_blogbild_1000x1000-768x768.jpg 768w, https:\/\/www.trotec-blog.com\/ro\/files\/2020\/06\/tro_blog_TVE25S_blogbild_1000x1000-60x60.jpg 60w\" sizes=\"(max-width: 1000px) 100vw, 1000px\" \/><\/a><\/h2>\n<h2>Cine nu cunoa\u0219te, c\u0103ut\u0103rile \u00een cadrul propriei locuin\u021be dup\u0103 o urm\u0103 de r\u0103coare pe perioad\u0103a canicular\u0103 a verii. \u00cens\u0103 peste tot este acela\u0219i lucru, aerul cald predomin\u0103 \u0219i ne d\u0103 o stare permanent\u0103 de st\u0103tut \u0219i de lips\u0103 de confort, indiferent de v\u0103 afla\u021bi \u00een sufragerie, pe balcon, \u00een baie sau buc\u0103t\u0103rie. O briz\u0103 cereasc\u0103 nu are de unde veni de exemplu, dec\u00e2t de la ventilatorul cu picior TVE 25 S. Cu acesta pute\u021bi procura efectul de r\u0103coare rapid \u0219i pe deasupra foarte ieftin.<\/h2>\n<p><!--more--><\/p>\n<p><a href=\"https:\/\/www.trotec24.ro\/masini\/ventilatie\/ventilatoare-seria-tve\/ventilator-cu-picior-tve-25-s.html?rc=783e2f47dd\" class=\"broken_link\"><strong>Ventilatorul cu picior TVE 25 S<\/strong> <\/a>de o prelucrare de calitate poate \u00eendep\u0103rta senza\u021bia de canicul\u0103 cu ajutorul celor trei trepte de ventilare \u0219i motorul de 49 de wa\u021bi. Diametrul palelor este de 40 cm \u0219i pute\u021bi direc\u021biona curentul de aer dup\u0103 poft\u0103 \u0219i necesitate, fie c\u0103 v\u0103 afla\u021bi pe canapea sau \u00een buc\u0103t\u0103rie sau balcon. Toate acestea se pot realiza u\u0219or \u0219i confortabil prin telecomanda din dotarea ventilatorului.<\/p>\n<h3><strong>A\u0219a func\u021bioneaz\u0103<\/strong><\/h3>\n<p>Capul de ventilare al ventilatorului <a href=\"https:\/\/www.trotec24.ro\/masini\/ventilatie\/ventilatoare-seria-tve\/ventilator-cu-picior-tve-25-s.html?rc=783e2f47dd\" class=\"broken_link\"><strong>TVE 25 S<\/strong><\/a> se las\u0103 rabatat la un unghi de p\u00e2n\u0103 la 30\u00b0. Prin posibilitatea de cuplare a oscila\u021biei de 80\u00b0, curentul de aer este uniformizat \u00een \u00eentreaga \u00eenc\u0103pere. Ventilatorul se poate seta la \u00een\u0103l\u021bimi cuprinse \u00eentre 110 cm \u0219i 130 cm. Cu ajutorul temporizatorului din dotare pute\u021bi programa timpii de cuplare \u0219i decuplare ai ventilaotrului \u00een func\u021bie de ritmul zilei. Aici se pot realiza timpi de func\u021bionare \u00eentre o 1 \u0219i 7 ore iar timpul de func\u021bionare \u0219i treapta de ventilare se afi\u0219eaz\u0103 pe indicatorul ventilatorului.<\/p>\n<p><a href=\"https:\/\/www.trotec24.ro\/masini\/ventilatie\/ventilatoare-seria-tve\/ventilator-cu-picior-tve-25-s.html?rc=783e2f47dd\" class=\"broken_link\"><strong>Ventilatorul TVE 25 S<\/strong><\/a> este deosebit de silen\u021bio, zgomotul ajung\u021bnd undeva la 57 dB(A). Astfel pute\u021bi utiliza ventilatorul chiar \u0219i \u00een dormitoare. Ventilatorul se poate cupla \u0219i decupla de la distan\u021b\u0103 cu ajutorul telecomenzii. Tot a\u0219a se pot seta \u0219i treptele de ventilare \u0219i se poate programa temporizatorul.<\/p>\n<p>Greutatea sa de numai 5 kg, piciorul sub form\u0103 de farfurie \u0219i m\u00e2nerul , fac transportul ventilatorului de la o loca\u021bie la alta confortabil. Palele ventilatorului sunt protejate de o carcas\u0103 tip co\u0219 din s\u00e2rm\u0103 de o\u021bel.<\/p>\n<h3><strong>Patru dintre multele avantaje care pe mine m-au convins:<\/strong><\/h3>\n<ul>\n<li>puterea de 40 de wa\u021bi<\/li>\n<li>costuri mici de utilizare \u0219i \u00eentre\u021binere<\/li>\n<li>3 trepte de vitez\u0103 de ventilare<\/li>\n<li>oscila\u021bii automate de 80\u00b0 cu func\u021biune de decuplare<\/li>\n<\/ul>\n<h3><strong>Ventilator cu picior TVE 25 S \u2013 calitate de marc\u0103 de la Trotec<\/strong><\/h3>\n<p><strong>Profita\u021bi de calitatea de marc\u0103 de la Trotec ca un garant al valorii, siguran\u021bei \u0219i func\u021bionalit\u0103\u021bii. <a href=\"https:\/\/www.trotec24.ro\/masini\/ventilatie\/ventilatoare-seria-tve\/ventilator-cu-picior-tve-25-s.html?rc=783e2f47dd\" class=\"broken_link\">Comanda\u021bi \u00een magazinul nostru online ventilatorul cu picior TVE 25 S la cele mai atractive pre\u021buri &#8211; acum \u00een Trotec-Shop!<\/a><\/strong><\/p>\n","protected":false},"excerpt":{"rendered":"<p>Cine nu cunoa\u0219te, c\u0103ut\u0103rile \u00een cadrul propriei locuin\u021be dup\u0103 o urm\u0103 de r\u0103coare pe perioad\u0103a canicular\u0103 a verii. \u00cens\u0103 peste tot este acela\u0219i lucru, aerul cald predomin\u0103 \u0219i ne d\u0103 o stare permanent\u0103 de st\u0103tut \u0219i de lips\u0103 de confort, indiferent de v\u0103 afla\u021bi \u00een sufragerie, pe balcon, \u00een baie sau buc\u0103t\u0103rie. O briz\u0103 cereasc\u0103 [&hellip;]<\/p>\n","protected":false},"author":66,"featured_media":11088,"comment_status":"open","ping_status":"open","sticky":false,"template":"","format":"standard","meta":[],"categories":[6,9,2],"tags":[1564,55,39,118],"_links":{"self":[{"href":"https:\/\/www.trotec-blog.com\/ro\/wp-json\/wp\/v2\/posts\/11086"}],"collection":[{"href":"https:\/\/www.trotec-blog.com\/ro\/wp-json\/wp\/v2\/posts"}],"about":[{"href":"https:\/\/www.trotec-blog.com\/ro\/wp-json\/wp\/v2\/types\/post"}],"author":[{"embeddable":true,"href":"https:\/\/www.trotec-blog.com\/ro\/wp-json\/wp\/v2\/users\/66"}],"replies":[{"embeddable":true,"href":"https:\/\/www.trotec-blog.com\/ro\/wp-json\/wp\/v2\/comments?post=11086"}],"version-history":[{"count":4,"href":"https:\/\/www.trotec-blog.com\/ro\/wp-json\/wp\/v2\/posts\/11086\/revisions"}],"predecessor-version":[{"id":11100,"href":"https:\/\/www.trotec-blog.com\/ro\/wp-json\/wp\/v2\/posts\/11086\/revisions\/11100"}],"wp:featuredmedia":[{"embeddable":true,"href":"https:\/\/www.trotec-blog.com\/ro\/wp-json\/wp\/v2\/media\/11088"}],"wp:attachment":[{"href":"https:\/\/www.trotec-blog.com\/ro\/wp-json\/wp\/v2\/media?parent=11086"}],"wp:term":[{"taxonomy":"category","embeddable":true,"href":"https:\/\/www.trotec-blog.com\/ro\/wp-json\/wp\/v2\/categories?post=11086"},{"taxonomy":"post_tag","embeddable":true,"href":"https:\/\/www.trotec-blog.com\/ro\/wp-json\/wp\/v2\/tags?post=11086"}],"curies":[{"name":"wp","href":"https:\/\/api.w.org\/{rel}","templated":true}]}}