{"id":10744,"date":"2020-06-09T06:18:21","date_gmt":"2020-06-09T04:18:21","guid":{"rendered":"https:\/\/www.trotec-blog.com\/ro\/?p=10744"},"modified":"2021-11-09T07:56:19","modified_gmt":"2021-11-09T05:56:19","slug":"virusul-corona-recomandarea-oms-de-purtare-a-mastilor-de-gura-si-de-nas-trotec-ofera-produse-de-calitate-controlata","status":"publish","type":"post","link":"https:\/\/www.trotec-blog.com\/ro\/blog\/trotec\/virusul-corona-recomandarea-oms-de-purtare-a-mastilor-de-gura-si-de-nas-trotec-ofera-produse-de-calitate-controlata\/","title":{"rendered":"Virusul Corona: recomandarea OMS de purtare a m\u0103\u0219tilor de gur\u0103 \u0219i de nas \u2013 Trotec ofer\u0103 produse de calitate controlat\u0103"},"content":{"rendered":"<h2><a href=\"https:\/\/www.trotec-blog.com\/ro\/blog\/trotec\/virusul-corona-recomandarea-oms-de-purtare-a-mastilor-de-gura-si-de-nas-trotec-ofera-produse-de-calitate-controlata\/\"><img loading=\"lazy\" class=\"alignnone size-full wp-image-10745\" src=\"https:\/\/www.trotec-blog.com\/ro\/files\/2020\/06\/BLANKO_tro_blog_WHO_Maskennutzung_blogbild_1000x1000.jpg\" alt=\"\" width=\"1000\" height=\"1000\" srcset=\"https:\/\/www.trotec-blog.com\/ro\/files\/2020\/06\/BLANKO_tro_blog_WHO_Maskennutzung_blogbild_1000x1000.jpg 1000w, https:\/\/www.trotec-blog.com\/ro\/files\/2020\/06\/BLANKO_tro_blog_WHO_Maskennutzung_blogbild_1000x1000-200x200.jpg 200w, https:\/\/www.trotec-blog.com\/ro\/files\/2020\/06\/BLANKO_tro_blog_WHO_Maskennutzung_blogbild_1000x1000-300x300.jpg 300w, https:\/\/www.trotec-blog.com\/ro\/files\/2020\/06\/BLANKO_tro_blog_WHO_Maskennutzung_blogbild_1000x1000-768x768.jpg 768w, https:\/\/www.trotec-blog.com\/ro\/files\/2020\/06\/BLANKO_tro_blog_WHO_Maskennutzung_blogbild_1000x1000-60x60.jpg 60w\" sizes=\"(max-width: 1000px) 100vw, 1000px\" \/><\/a><\/h2>\n<h2>P\u00e2n\u0103 \u00een prezent, Organiza\u021bia Mondial\u0103 a S\u0103n\u0103t\u0103\u021bii (OMS) a considerat c\u0103 o protec\u021bie a c\u0103ilor respiratoriibucal\u0103 are sens doar pentru bolnavi \u0219i \u00eengrijitorii lor. \u00cens\u0103 vineri, organiza\u021bia ONU \u0219i-a revizuit evaluarea cu privire la momentul \u00een care s\u0103 se poarte m\u0103\u0219tile de protec\u021bie bucal\u0103 \u0219i nazal\u0103: pentru a reduce riscul de infec\u021bii, m\u0103\u0219tile de gur\u0103 \u0219i de nas trebuiesc folosite \u00een toate locurile publice, a spus OMS vineri, la Geneva. G\u0103sim aceast punct de vedere bun \u0219i oferim o selec\u021bie foarte bun\u0103 de m\u0103\u0219ti fabricate profesional &#8230;<\/h2>\n<p><!--more--><\/p>\n<p>OMS recomand\u0103 guvernelor s\u0103 \u00eencurajeze purtarea de masc\u0103 acolo unde infectarea cu viru\u0219i este iminent\u0103 \u0219i \u00een cazul \u00een care este dificil s\u0103 se p\u0103strezi o distan\u021b\u0103 reglementat\u0103 fa\u021b\u0103 de alte persoane, cum ar fi \u00een transportul public, \u00een magazine sau \u00een zonele comerciale aglomerate. \u00cen acela\u0219i timp, organiza\u021bia ONU a avertizat c\u0103 trebuie s\u0103 se manifeste grij\u0103 la purtarea acestor m\u0103\u0219ti pentru ca acestea s\u0103 acopere inclusiv b\u0103rbia \u0219i s\u0103 fie purtate str\u00e2ns \u00een conformitate cu anatomia fiec\u0103ruia. . Acesta este cazul la m\u0103\u0219tile fabricate profesional de la Trotec, care corespund acestor cerin\u021be \u00eentru totul.<\/p>\n<h3><strong>Masca de unic\u0103 folosin\u021b\u0103 de gur\u0103 \u0219i nas de la Trotec<br \/>\n<\/strong><\/h3>\n<p>Cel mai bun exemplu este noua masc\u0103 de gur\u0103 de unic\u0103 folosin\u021b\u0103 de la Trotec care ofer\u0103 protec\u021bie eficient\u0103, se a\u0219eaz\u0103 confortabil \u0219i este foarte accesibil\u0103 la pre\u021b. Aceast\u0103 masc\u0103 cu gur\u0103 \u0219i nas este fabricat\u0103 \u00een Germania dintr-o folie de filtru Meltlblow de prim\u0103 clas\u0103, cu o performan\u021b\u0103 de filtrare de 99,5% certificat\u0103 de centrul de testare german conform DIN 71460-1 pentru o protec\u021bie optim\u0103 de sine \u0219i pentru \u00eentreaga familie. Datorit\u0103 formei perfecte a cus\u0103turilor \u0219i a croielii speciale, m\u0103\u0219tile de unic\u0103 folosin\u021b\u0103 nu au nevoie de o band\u0103 de metal pentru nas. Benzile elastice asigur\u0103 o purtare confortabil\u0103 \u0219i f\u0103r\u0103 presiune pe piele \u0219i sunt furnizate \u00eentr-un pachet de 10 buc\u0103\u021bi.<\/p>\n<h3><strong>Avantajele la un loc:<\/strong><\/h3>\n<ul>\n<li>filtrare dup\u0103 norma DIN 71460-1 0,3 \u00b5m &gt; 99,5 % \u0219i 0,5 \u00b5m 100 %<\/li>\n<li>materialul de filtrare din folie MeltBlown dup\u0103 standardul FFP3<\/li>\n<li>produse \u00een Germania<\/li>\n<\/ul>\n<p><a href=\"https:\/\/www.trotec24.ro\/masini\/echipamente-de-protectie\/masca-de-nas--gura-made-in-germany-10-buc.html?rc=783e2f47dd\" class=\"broken_link\"><strong>Noile m\u0103\u0219ti de gur\u0103 \u0219i de nas de unic\u0103 folosin\u021b\u0103 \u00een pachet de 10 buc\u0103\u021bi la cele mai atractive pre\u021buri \u00een magazinul nostru online &#8211; Trotec-Shop!<\/strong><\/a><\/p>\n<h3><strong>M\u0103\u0219tile de unic\u0103 folosin\u021b\u0103 medicinale de la Trotec \u00een pachet de 50 de buc\u0103\u021bi<\/strong><\/h3>\n<p>Potrivirea anatomic\u0103 a marginilor m\u0103\u0219tii din l\u00e2n\u0103 moale garanteaz\u0103 confortul maxim. Benzile flexibile de gum\u0103 \u0219i benzile de nas reglabile individual reduc la minimum senza\u021bia de presiune \u00een timpul purt\u0103rii, astfel \u00eenc\u00e2t m\u0103\u0219tile s\u0103 nu devin\u0103 incomode nici dup\u0103 o lung\u0103 perioad\u0103 de purtare.<\/p>\n<h3><strong>Avantajele la un loc:<\/strong><\/h3>\n<ul>\n<li>masc\u0103 din 3 straturi utilizabil\u0103 pentru scopuri medicinale<\/li>\n<li>masc\u0103 medicinal\u0103 (Medical Surgical Mask) dup\u0103 protocolul de testatre a unui laborator european acreditat \u00een ramele pandemiei Corona<\/li>\n<li>\u00eendeplinesc cerin\u021bele GB\/T 32610-2016<\/li>\n<li>m\u0103\u0219ti de gur\u0103 \u0219i de nas cu un confort sporit de purtare prin banda de nas \u0219i benzile din gum\u0103<\/li>\n<\/ul>\n<p><a href=\"https:\/\/www.trotec24.ro\/masini\/echipamente-de-protectie?rc=783e2f47dd\" class=\"broken_link\"><strong>M\u0103\u0219ti medicinale \u00een pachet de 50 de buc\u0103\u021bi la cele mai atractive pre\u021buri acum \u00een magazinul nostru online Trotec-Shop!<\/strong><\/a><\/p>\n","protected":false},"excerpt":{"rendered":"<p>P\u00e2n\u0103 \u00een prezent, Organiza\u021bia Mondial\u0103 a S\u0103n\u0103t\u0103\u021bii (OMS) a considerat c\u0103 o protec\u021bie a c\u0103ilor respiratoriibucal\u0103 are sens doar pentru bolnavi \u0219i \u00eengrijitorii lor. \u00cens\u0103 vineri, organiza\u021bia ONU \u0219i-a revizuit evaluarea cu privire la momentul \u00een care s\u0103 se poarte m\u0103\u0219tile de protec\u021bie bucal\u0103 \u0219i nazal\u0103: pentru a reduce riscul de infec\u021bii, m\u0103\u0219tile de gur\u0103 [&hellip;]<\/p>\n","protected":false},"author":66,"featured_media":10746,"comment_status":"open","ping_status":"open","sticky":false,"template":"","format":"standard","meta":[],"categories":[6,8,2],"tags":[1445,1513,1510,1545],"_links":{"self":[{"href":"https:\/\/www.trotec-blog.com\/ro\/wp-json\/wp\/v2\/posts\/10744"}],"collection":[{"href":"https:\/\/www.trotec-blog.com\/ro\/wp-json\/wp\/v2\/posts"}],"about":[{"href":"https:\/\/www.trotec-blog.com\/ro\/wp-json\/wp\/v2\/types\/post"}],"author":[{"embeddable":true,"href":"https:\/\/www.trotec-blog.com\/ro\/wp-json\/wp\/v2\/users\/66"}],"replies":[{"embeddable":true,"href":"https:\/\/www.trotec-blog.com\/ro\/wp-json\/wp\/v2\/comments?post=10744"}],"version-history":[{"count":8,"href":"https:\/\/www.trotec-blog.com\/ro\/wp-json\/wp\/v2\/posts\/10744\/revisions"}],"predecessor-version":[{"id":14085,"href":"https:\/\/www.trotec-blog.com\/ro\/wp-json\/wp\/v2\/posts\/10744\/revisions\/14085"}],"wp:featuredmedia":[{"embeddable":true,"href":"https:\/\/www.trotec-blog.com\/ro\/wp-json\/wp\/v2\/media\/10746"}],"wp:attachment":[{"href":"https:\/\/www.trotec-blog.com\/ro\/wp-json\/wp\/v2\/media?parent=10744"}],"wp:term":[{"taxonomy":"category","embeddable":true,"href":"https:\/\/www.trotec-blog.com\/ro\/wp-json\/wp\/v2\/categories?post=10744"},{"taxonomy":"post_tag","embeddable":true,"href":"https:\/\/www.trotec-blog.com\/ro\/wp-json\/wp\/v2\/tags?post=10744"}],"curies":[{"name":"wp","href":"https:\/\/api.w.org\/{rel}","templated":true}]}}