{"id":10632,"date":"2020-06-02T16:02:45","date_gmt":"2020-06-02T14:02:45","guid":{"rendered":"https:\/\/www.trotec-blog.com\/ro\/?p=10632"},"modified":"2020-06-02T16:05:00","modified_gmt":"2020-06-02T14:05:00","slug":"ventilator-cu-picior-tve-17-s-specialist-de-putere-pentru-racorire-acum-livrabil","status":"publish","type":"post","link":"https:\/\/www.trotec-blog.com\/ro\/blog\/trotec\/ventilator-cu-picior-tve-17-s-specialist-de-putere-pentru-racorire-acum-livrabil\/","title":{"rendered":"Ventilator cu picior TVE 17 S: specialist de putere pentru r\u0103corire \u2013 acum livrabil"},"content":{"rendered":"<p><a href=\"https:\/\/www.trotec-blog.com\/ro\/blog\/trotec\/ventilator-cu-picior-tve-17-s-specialist-de-putere-pentru-racorire-acum-livrabil\/\"><img loading=\"lazy\" class=\"alignnone size-full wp-image-10633\" src=\"https:\/\/www.trotec-blog.com\/ro\/files\/2020\/06\/tro_blog_tve_17_s_blogbild_1000x1000.jpg\" alt=\"\" width=\"1000\" height=\"1000\" srcset=\"https:\/\/www.trotec-blog.com\/ro\/files\/2020\/06\/tro_blog_tve_17_s_blogbild_1000x1000.jpg 1000w, https:\/\/www.trotec-blog.com\/ro\/files\/2020\/06\/tro_blog_tve_17_s_blogbild_1000x1000-200x200.jpg 200w, https:\/\/www.trotec-blog.com\/ro\/files\/2020\/06\/tro_blog_tve_17_s_blogbild_1000x1000-300x300.jpg 300w, https:\/\/www.trotec-blog.com\/ro\/files\/2020\/06\/tro_blog_tve_17_s_blogbild_1000x1000-768x768.jpg 768w, https:\/\/www.trotec-blog.com\/ro\/files\/2020\/06\/tro_blog_tve_17_s_blogbild_1000x1000-60x60.jpg 60w\" sizes=\"(max-width: 1000px) 100vw, 1000px\" \/><\/a><\/p>\n<h2>\u00cenc\u0103lzirea, c\u0103ldura umed\u0103 \u00een camer\u0103 necesit\u0103 solu\u021bii adecvate de r\u0103cire. De aceea, oferim solu\u021bia care, pe l\u00e2ng\u0103 o briz\u0103 de r\u0103cire, reprezint\u0103 \u0219i o producere maxim\u0103 a v\u00e2ntului f\u0103r\u0103 compromisuri: ventilatorul <a href=\"https:\/\/www.trotec24.ro\/masini\/ventilatie\/ventilatoare-seria-tve\/ventilator-cu-picior-tve-17-s.html?rc=783e2f47dd\" class=\"broken_link\">TVE 17 S<\/a>, care este \u00een sf\u00e2r\u0219it din nou disponibil, asigur\u0103 o r\u0103coare pl\u0103cut\u0103 pe piele \u0219i face o figur\u0103 bun\u0103 \u00een orice mediu de via\u021b\u0103 \u0219i de afaceri. Cel mai tare: Ventilatorul puternic, cu design negru elegant, poate fi folosit oriunde te-ai afla \u0219i ai nevoie de o re\u00eemprosp\u0103tare vizibil\u0103.<\/h2>\n<p><!--more--><\/p>\n<p>Trei trepte de vitez\u0103 \u0219i reglarea variabil\u0103 a \u00een\u0103l\u021bimii, de la 105 p\u00e2n\u0103 la 122 cm, fac ca <a href=\"https:\/\/www.trotec24.ro\/masini\/ventilatie\/ventilatoare-seria-tve\/ventilator-cu-picior-tve-17-s.html?rc=783e2f47dd\" class=\"broken_link\"><strong>ventilatorul TVE 17 S<\/strong><\/a> s\u0103 fie unul complet \u00een r\u00e2ndul solu\u021biilor de ventilare. Poate fi utilizat \u00een aproape orice loca\u021bie \u0219i are \u00eentotdeauna viteza potrivit\u0103 pentru fiecare temperatur\u0103. \u00cen compara\u021bie cu aparatele de aer condi\u021bionat mobile, un astfel de ventilator este imbatabil ieftin, at\u00e2t din punct de vedere al costurilor de achizi\u021bie, c\u00e2t \u0219i al consumului continuu de energie. <strong>\u0218i cel mai tare dintre toate<\/strong>: pentru c\u0103 st\u0103 pe picioarele proprii, ventilatorul nu ocup\u0103 spa\u021biul mult la birou sau mas\u0103 lateral\u0103 &#8230;<\/p>\n<h3><strong>Avantajele ventilatorului TVE 17 S \u2026<\/strong><\/h3>\n<ul>\n<li>convinge cu performan\u021be puternice de r\u0103cire cu un consum redus de energie \u0219i astfel costuri de operare reduse &#8211; puterea de 40 watt produce v\u00e2nt suficient de rece chiar \u0219i \u00een \u00eenc\u0103peri mai mari.<\/li>\n<li>are trei niveluri de vitez\u0103: nivelul 1 economise\u0219te deja energia cu o adiere pl\u0103cut\u0103 de r\u0103cire, re\u00eemprosp\u0103tare lini\u0219titoare. Nivelul 2 asigur\u0103 o r\u0103cire puternic\u0103 atunci c\u00e2nd temperatura cre\u0219te cu 30 de grade sau mai mult. \u0218i cu nivelul 3, expulzi aerul cald \u0219i ap\u0103s\u0103tor prin fereastra deschis\u0103 \u00een cel mai scurt timp.<\/li>\n<li>are o oscila\u021bie automat\u0103 de 80 \u00b0 cu func\u021bie de oprire, ceea ce face ca fluxul de aer s\u0103 turbioneze pe orizontal\u0103. Pentru o adaptare optim\u0103 la loca\u021bia respectiv\u0103, capul ventilatorului poate fi, de asemenea, \u00eenclinat vertical cu p\u00e2n\u0103 la 30 \u00b0 &#8211; astfel \u00eenc\u00e2t v\u00e2ntul s\u0103 sufle mereu din direc\u021bia potrivit\u0103.<\/li>\n<li>este reglabil pe vertical\u0103 de la 105 la 122 cm. Acest lucru face ca ventilatorul poate fi utilizat \u00een aproape orice loca\u021bie.<\/li>\n<li>asigur\u0103 o func\u021bionare perfect\u0103 datorit\u0103 lamelelor ventilatorului care sunt perfect calibrate \u00een combina\u021bie cu piciorul stabil \u0219i creeaz\u0103 astfel doar un nivel de zgomot foarte lini\u0219tit la toate treptele de vitez\u0103 &#8211; cea mai bun\u0103 recomandare pentru r\u0103cirea care favorizeaz\u0103 somnul chiar \u0219i \u00eentr-un dormitor sensibil la zgomot.<\/li>\n<li>respect\u0103 cele mai stricte cerin\u021be de siguran\u021b\u0103: suportul \u00een form\u0103 de stea asigur\u0103 stabilitate, palele ventilatorului sunt protejate cu o gril\u0103 de protec\u021bie din metal deta\u0219abil\u0103 \u0219i u\u0219or de cur\u0103\u021bat pe fa\u021b\u0103 \u0219i \u00een spate, iar protec\u021bia de supra\u00eenc\u0103lzire asigur\u0103 o func\u021bionare sigur\u0103 chiar \u0219i la cele mai \u00eenalte temperaturi.<\/li>\n<\/ul>\n<h3><strong>Ventilator cu picior TVE 17 S \u2013 calitate de marc\u0103 de la Trotec!<\/strong><\/h3>\n<p><strong>Profita\u021bi de calitatea de marc\u0103 de la Trotec ca un garant al valorii, siguran\u021bei \u0219i func\u021bionalit\u0103\u021bii. <a href=\"https:\/\/www.trotec24.ro\/masini\/ventilatie\/ventilatoare-seria-tve\/ventilator-cu-picior-tve-17-s.html?rc=783e2f47dd\" class=\"broken_link\">Comanda\u021bi \u00een magazinul nostru online, la cele mai atractive pre\u021buri, ventilatorul cu picior TVE 17 S\u00a0 \u2013\u00a0 acum \u00een Trotec-Shop!<\/a><\/strong><\/p>\n","protected":false},"excerpt":{"rendered":"<p>\u00cenc\u0103lzirea, c\u0103ldura umed\u0103 \u00een camer\u0103 necesit\u0103 solu\u021bii adecvate de r\u0103cire. De aceea, oferim solu\u021bia care, pe l\u00e2ng\u0103 o briz\u0103 de r\u0103cire, reprezint\u0103 \u0219i o producere maxim\u0103 a v\u00e2ntului f\u0103r\u0103 compromisuri: ventilatorul TVE 17 S, care este \u00een sf\u00e2r\u0219it din nou disponibil, asigur\u0103 o r\u0103coare pl\u0103cut\u0103 pe piele \u0219i face o figur\u0103 bun\u0103 \u00een orice mediu [&hellip;]<\/p>\n","protected":false},"author":66,"featured_media":10638,"comment_status":"open","ping_status":"open","sticky":false,"template":"","format":"standard","meta":[],"categories":[6,2],"tags":[1207,55],"_links":{"self":[{"href":"https:\/\/www.trotec-blog.com\/ro\/wp-json\/wp\/v2\/posts\/10632"}],"collection":[{"href":"https:\/\/www.trotec-blog.com\/ro\/wp-json\/wp\/v2\/posts"}],"about":[{"href":"https:\/\/www.trotec-blog.com\/ro\/wp-json\/wp\/v2\/types\/post"}],"author":[{"embeddable":true,"href":"https:\/\/www.trotec-blog.com\/ro\/wp-json\/wp\/v2\/users\/66"}],"replies":[{"embeddable":true,"href":"https:\/\/www.trotec-blog.com\/ro\/wp-json\/wp\/v2\/comments?post=10632"}],"version-history":[{"count":7,"href":"https:\/\/www.trotec-blog.com\/ro\/wp-json\/wp\/v2\/posts\/10632\/revisions"}],"predecessor-version":[{"id":10641,"href":"https:\/\/www.trotec-blog.com\/ro\/wp-json\/wp\/v2\/posts\/10632\/revisions\/10641"}],"wp:featuredmedia":[{"embeddable":true,"href":"https:\/\/www.trotec-blog.com\/ro\/wp-json\/wp\/v2\/media\/10638"}],"wp:attachment":[{"href":"https:\/\/www.trotec-blog.com\/ro\/wp-json\/wp\/v2\/media?parent=10632"}],"wp:term":[{"taxonomy":"category","embeddable":true,"href":"https:\/\/www.trotec-blog.com\/ro\/wp-json\/wp\/v2\/categories?post=10632"},{"taxonomy":"post_tag","embeddable":true,"href":"https:\/\/www.trotec-blog.com\/ro\/wp-json\/wp\/v2\/tags?post=10632"}],"curies":[{"name":"wp","href":"https:\/\/api.w.org\/{rel}","templated":true}]}}