{"id":10356,"date":"2020-05-14T08:47:41","date_gmt":"2020-05-14T06:47:41","guid":{"rendered":"https:\/\/www.trotec-blog.com\/ro\/?p=10356"},"modified":"2020-05-14T08:48:07","modified_gmt":"2020-05-14T06:48:07","slug":"nou-ventilatorul-turn-design-tve-39-t-cu-stil-confort-si-calitate","status":"publish","type":"post","link":"https:\/\/www.trotec-blog.com\/ro\/blog\/trotec\/nou-ventilatorul-turn-design-tve-39-t-cu-stil-confort-si-calitate\/","title":{"rendered":"NOU Ventilatorul turn design TVE 39 T cu stil, confort \u0219i calitate"},"content":{"rendered":"<h2><a href=\"https:\/\/www.trotec-blog.com\/ro\/blog\/trotec\/nou-ventilatorul-turn-design-tve-39-t-cu-stil-confort-si-calitate\/\"><img loading=\"lazy\" class=\"alignnone size-full wp-image-10357\" src=\"https:\/\/www.trotec-blog.com\/ro\/files\/2020\/05\/RO_tro_blog_TVE39T_blogbild_1000x1000.jpg\" alt=\"\" width=\"1000\" height=\"1000\" srcset=\"https:\/\/www.trotec-blog.com\/ro\/files\/2020\/05\/RO_tro_blog_TVE39T_blogbild_1000x1000.jpg 1000w, https:\/\/www.trotec-blog.com\/ro\/files\/2020\/05\/RO_tro_blog_TVE39T_blogbild_1000x1000-200x200.jpg 200w, https:\/\/www.trotec-blog.com\/ro\/files\/2020\/05\/RO_tro_blog_TVE39T_blogbild_1000x1000-300x300.jpg 300w, https:\/\/www.trotec-blog.com\/ro\/files\/2020\/05\/RO_tro_blog_TVE39T_blogbild_1000x1000-768x768.jpg 768w, https:\/\/www.trotec-blog.com\/ro\/files\/2020\/05\/RO_tro_blog_TVE39T_blogbild_1000x1000-60x60.jpg 60w\" sizes=\"(max-width: 1000px) 100vw, 1000px\" \/><\/a><\/h2>\n<h2>Credem c\u0103 era \u0219i timpul! Sezonul ventilatoarelor \u00ee\u0219i intr\u0103 \u00eencet \u00een drepturi \u0219i prin faptul ca acum \u0219i ventilatorul turn de design TVE 39 T este livrabil, joac\u0103 \u0219i el un rol important din punct de vedere stil, confort \u0219i calitate iar prin elegan\u021ba lui \u00een culori alb-negru pune \u00een umbr\u0103 concurentele. C\u00e2t prive\u0219te dotarea tehnic\u0103, convinge\u021bi-v\u0103 de puterea de ventilare \u00een 6 trepte \u0219i alte utilit\u0103\u021bi confortabile!<\/h2>\n<p><!--more--><\/p>\n<p>Prin puterea sa de ventilare de 45 Watt \u0219i cele 6 trepte de vitez\u0103 <a href=\"https:\/\/www.trotec24.ro\/masini\/ventilatie\/ventilatoare-seria-tve\/ventilator-turn-tve-39-t.html?rc=783e2f47dd\" class=\"broken_link\"><strong>ventilatorul design TVE 39 T<\/strong><\/a> doneaz\u0103 pur \u0219i simplu prospe\u021bime. Nu numai c\u0103 pute\u021bi reglementa viteza de ventilare ci \u0219i direc\u021bia \u00een care v\u00e2ntul ar trebui s\u0103 sufle. Aceasta din urm\u0103 se regelementeaz\u0103 cu ajutorul celor 3 moduri de func\u021bionare \u201aNormal\u2018, \u201aV\u00e2nt natural\u2018 \u0219i \u201aMod de noapte\u2018 \u0219i poate fi astfel utilizat individual. Cu ajutorul func\u021biei op\u021bionale de oscilare cu 60\u00b0, ventilatorul turn de 108 centimetri se poate utiliza cu succes pentru turbionarea aerului din \u00eenc\u0103peri mari. Fie \u00een cadrul locuin\u021bei, la birou, \u00een \u00eenc\u0103peri \u0219i standuri de v\u00e2nzare sau cafenele &#8211; ventilatorul turn confer\u0103 \u00een zilele de var\u0103 fierbin\u021bi o r\u0103corire pl\u0103cut\u0103.<\/p>\n<h3><strong>A\u0219a func\u021bioneaz\u0103<\/strong><\/h3>\n<p>Toate func\u021biunile ventilatorului turn <a href=\"https:\/\/www.trotec24.ro\/masini\/ventilatie\/ventilatoare-seria-tve\/ventilator-turn-tve-39-t.html?rc=783e2f47dd\" class=\"broken_link\"><strong>TVE 39 T<\/strong><\/a> se pot seta cu ajutorul telecomenzii cu infraro\u0219u din dotare. Ventilatorul convinge prin func\u021bionalitatea sa practic\u0103 \u0219i confortabil\u0103 precum temporizatorul de 12 ore pentru determinarea timpilor de pornire \u0219i oprire, modul de v\u00e2nt natural face ca briza s\u0103 fie u\u0219oar\u0103 \u0219i pl\u0103cut\u0103 iar modul de noapte ajut\u0103 pentru a dormi \u00eentr-o r\u0103coare pl\u0103cut\u0103 la modul cel mai silen\u021bios. Aparatul de ventilare mai de\u021bine \u0219i o func\u021bie practic\u0103 de memorare pentru salvarea automat\u0103 a ultimelor set\u0103ri efectuate. Aparatul se las\u0103 u\u0219or transportat de la un loc la altul \u0219i se prezint\u0103 sub form\u0103 de turn ca un element al \u00eenc\u0103perii economicos din punct de vedere al spa\u021biului de amplasare.<\/p>\n<p>Altfel dec\u00e2t la ventilatoarele standard cu rotor, func\u021bionarea <a href=\"https:\/\/www.trotec24.ro\/masini\/ventilatie\/ventilatoare-seria-tve\/ventilator-turn-tve-39-t.html?rc=783e2f47dd\" class=\"broken_link\"><strong>ventilatorului turn TVE 39 T<\/strong><\/a> se bazeaz\u0103 pe un sistem de rota\u021bie interior de lamele. Aerul este aspirat \u0219i turbionat \u00een interiorul carcasei pe \u00eentreaga sa \u00een\u0103l\u021bime \u0219i este expulzat \u00een \u00eenc\u0103pere pe partea frontal\u0103. Ventilatorul produce un efect pl\u0103cut de r\u0103corire pe piele \u0219i exact la locul unde se dore\u0219te acest fapt.<\/p>\n<h3><strong>Patru din multele avantaje care pe mine m-au convins:<\/strong><\/h3>\n<ul>\n<li>puterea de 45 Watt \u0219i \u00een\u0103l\u021bimea de 108 cm<\/li>\n<li>design modern sub form\u0103 de turn<\/li>\n<li>costuri mici de \u00eentre\u021binere \u0219i consum<\/li>\n<li>6 trepte de vitez\u0103 de ventilare<\/li>\n<\/ul>\n<h3><strong>Ventilatorul turn TVE 39 T \u2013 calitate de marc\u0103 de la Trotec!<\/strong><\/h3>\n<p><a href=\"https:\/\/www.trotec24.ro\/masini\/ventilatie\/ventilatoare-seria-tve\/ventilator-turn-tve-39-t.html?rc=783e2f47dd\" class=\"broken_link\"><strong>Profita\u021bi de calitatea de marc\u0103 de la Trotec ca un garant al valorii, siguran\u021bei \u0219i func\u021bionalit\u0103\u021bii. Comanda\u021bi \u00een magazinul nostru online ventilatorul turn TVE 39 T la cele mai atractive pre\u021buri acum\u00a0 \u2013 \u00een Trotec-Shop!<\/strong><\/a><\/p>\n","protected":false},"excerpt":{"rendered":"<p>Credem c\u0103 era \u0219i timpul! Sezonul ventilatoarelor \u00ee\u0219i intr\u0103 \u00eencet \u00een drepturi \u0219i prin faptul ca acum \u0219i ventilatorul turn de design TVE 39 T este livrabil, joac\u0103 \u0219i el un rol important din punct de vedere stil, confort \u0219i calitate iar prin elegan\u021ba lui \u00een culori alb-negru pune \u00een umbr\u0103 concurentele. C\u00e2t prive\u0219te dotarea [&hellip;]<\/p>\n","protected":false},"author":66,"featured_media":10358,"comment_status":"open","ping_status":"open","sticky":false,"template":"","format":"standard","meta":[],"categories":[6,2],"tags":[1512,55,39],"_links":{"self":[{"href":"https:\/\/www.trotec-blog.com\/ro\/wp-json\/wp\/v2\/posts\/10356"}],"collection":[{"href":"https:\/\/www.trotec-blog.com\/ro\/wp-json\/wp\/v2\/posts"}],"about":[{"href":"https:\/\/www.trotec-blog.com\/ro\/wp-json\/wp\/v2\/types\/post"}],"author":[{"embeddable":true,"href":"https:\/\/www.trotec-blog.com\/ro\/wp-json\/wp\/v2\/users\/66"}],"replies":[{"embeddable":true,"href":"https:\/\/www.trotec-blog.com\/ro\/wp-json\/wp\/v2\/comments?post=10356"}],"version-history":[{"count":4,"href":"https:\/\/www.trotec-blog.com\/ro\/wp-json\/wp\/v2\/posts\/10356\/revisions"}],"predecessor-version":[{"id":10362,"href":"https:\/\/www.trotec-blog.com\/ro\/wp-json\/wp\/v2\/posts\/10356\/revisions\/10362"}],"wp:featuredmedia":[{"embeddable":true,"href":"https:\/\/www.trotec-blog.com\/ro\/wp-json\/wp\/v2\/media\/10358"}],"wp:attachment":[{"href":"https:\/\/www.trotec-blog.com\/ro\/wp-json\/wp\/v2\/media?parent=10356"}],"wp:term":[{"taxonomy":"category","embeddable":true,"href":"https:\/\/www.trotec-blog.com\/ro\/wp-json\/wp\/v2\/categories?post=10356"},{"taxonomy":"post_tag","embeddable":true,"href":"https:\/\/www.trotec-blog.com\/ro\/wp-json\/wp\/v2\/tags?post=10356"}],"curies":[{"name":"wp","href":"https:\/\/api.w.org\/{rel}","templated":true}]}}