{"id":10256,"date":"2020-05-05T15:29:13","date_gmt":"2020-05-05T13:29:13","guid":{"rendered":"https:\/\/www.trotec-blog.com\/ro\/?p=10256"},"modified":"2020-05-05T15:29:33","modified_gmt":"2020-05-05T13:29:33","slug":"ventilatorul-de-masa-tve-9-proaspat-ca-un-vant-natural-si-acum-din-nou-livrabil","status":"publish","type":"post","link":"https:\/\/www.trotec-blog.com\/ro\/blog\/trotec\/ventilatorul-de-masa-tve-9-proaspat-ca-un-vant-natural-si-acum-din-nou-livrabil\/","title":{"rendered":"Ventilatorul de mas\u0103 TVE 9: proasp\u0103t ca un vant natural \u0219i acum din nou livrabil"},"content":{"rendered":"<h2><a href=\"https:\/\/www.trotec-blog.com\/ro\/blog\/trotec\/ventilatorul-de-masa-tve-9-proaspat-ca-un-vant-natural-si-acum-din-nou-livrabil\/\"><img loading=\"lazy\" class=\"alignnone size-full wp-image-10257\" src=\"https:\/\/www.trotec-blog.com\/ro\/files\/2020\/05\/tro_blog_tve9_blogbild_1000x1000.jpg\" alt=\"\" width=\"1000\" height=\"1000\" srcset=\"https:\/\/www.trotec-blog.com\/ro\/files\/2020\/05\/tro_blog_tve9_blogbild_1000x1000.jpg 1000w, https:\/\/www.trotec-blog.com\/ro\/files\/2020\/05\/tro_blog_tve9_blogbild_1000x1000-200x200.jpg 200w, https:\/\/www.trotec-blog.com\/ro\/files\/2020\/05\/tro_blog_tve9_blogbild_1000x1000-300x300.jpg 300w, https:\/\/www.trotec-blog.com\/ro\/files\/2020\/05\/tro_blog_tve9_blogbild_1000x1000-768x768.jpg 768w, https:\/\/www.trotec-blog.com\/ro\/files\/2020\/05\/tro_blog_tve9_blogbild_1000x1000-60x60.jpg 60w\" sizes=\"(max-width: 1000px) 100vw, 1000px\" \/><\/a><\/h2>\n<h2>Dac\u0103 va fi nevoie s\u0103 st\u0103m toat\u0103 vara acas\u0103 e bine m\u0103car s\u0103 avem o briz\u0103 pl\u0103cut\u0103. Ventilatorul de mas\u0103 livreaz\u0103 r\u0103corirea pl\u0103cut\u0103 \u0219i este acum pe stoc. Ventilatorul vine f\u0103r\u0103 s\u0103 fie nevoie de o montare, pur \u0219i simplu se a\u0219eaz\u0103 pe mas\u0103, se bag\u0103 \u00een priz\u0103 \u0219i se porne\u0219te. Mai lua\u021bi l\u00e2ng\u0103 el \u0219i o \u00eenghe\u021bat\u0103 \u0219i gata, totul pare a fi \u00een ordine!.<\/h2>\n<p><!--more--><\/p>\n<p><a href=\"https:\/\/www.trotec24.ro\/masini\/ventilatie\/ventilatoare-seria-tve\/ventilator-de-masa-tve-9.html?rc=783e2f47dd\" class=\"broken_link\"><strong>Ventilatorul de mas\u0103 TVE 9<\/strong><\/a> face v\u00e2nt cu cei 30 de wa\u021bi ai s\u0103i \u0219i o briz\u0103 pl\u0103cut\u0103 pe piele. Viteza de ventilare se poate seta \u00een dou\u0103 trepte \u0219i poate fi adaptat\u0103 astfel temperaturii din \u00eenc\u0103pere. \u00cen caz normal ajunge treapta 1 de vitez\u0103 pentru o \u00eemprosp\u0103tare a aerului peste zi. Dac\u0103 temperatura cre\u0219te \u00een jur de 30 de grade, atunci viteza 2 confer\u0103 utilizatorului o pal\u0103 de v\u00e2nt.<\/p>\n<h3><strong>Avantajele ventilatorului de mas\u0103 TVE 9 \u2026<\/strong><\/h3>\n<ul>\n<li>sufl\u0103 \u00een func\u021bie de nevoia Dvs. un v\u00e2nt pl\u0103cut. Pentru o pozi\u021bionare punctual\u0103 a curentului de aer, capul ventilator se poate rabata cu p\u00e2n\u0103 la 30\u00b0 pe vertical. Oscila\u021biile automate de 90\u00b0 \u00eempr\u0103\u0219tie aerul uniform \u00een \u00eentreaga \u00eenc\u0103pere.<\/li>\n<li>r\u0103ce\u0219te datorit\u0103 palelor de ventilare foarte bine calibrate pe trepta cea mai mic\u0103 deosebit de silen\u021bios \u0219i rote\u0219te lini\u0219tit, f\u0103r\u0103 vibra\u021bii. Astfel, ventilatorul se poate utiliza \u0219i \u00een dormitoare sau \u00een \u00eenc\u0103peri cu culise.<\/li>\n<li>se poate pozi\u021biona aproape oriunde datorit\u0103 dimensiunilor sale compacate. Fie \u00een birou, la locul de munc\u0103, sau acas\u0103 pe canapea, <a href=\"https:\/\/www.trotec24.ro\/masini\/ventilatie\/ventilatoare-seria-tve\/ventilator-de-masa-tve-9.html?rc=783e2f47dd\" class=\"broken_link\"><strong>TVE 9<\/strong><\/a> este u\u0219or \u0219i simplu de transportat.<\/li>\n<li>este economic \u0219i \u00eenn loc s\u0103 folosi\u021bi un aparat de climatizare care are nevoie de mult\u0103 energie pentru a r\u0103ci \u00eenc\u0103perea,\u00a0 <a href=\"https:\/\/www.trotec24.ro\/masini\/ventilatie\/ventilatoare-seria-tve\/ventilator-de-masa-tve-9.html?rc=783e2f47dd\" class=\"broken_link\"><strong>ventilatorul TVE 9<\/strong><\/a> produce v\u00e2nt pe piele \u0219i evapor\u0103 astfel umezeala d\u00e2nd sentimentul pl\u0103cut de r\u0103coare.<\/li>\n<li>convinge \u0219i din p\u0103unct de vedere al siguran\u021bei. ventilatorul de\u021bine un picior stabil se poate cur\u0103\u021ba cu u\u0219urin\u021b\u0103 datorit\u0103 co\u0219ului de metal care \u00eenvele\u0219te palele \u0219i care poate fi dat jos. Protec\u021bia la supra\u00eenc\u0103lzire este o alt\u0103 dotare confortabil\u0103 iar motorul se decupleaz\u0103 automat \u00een cazul c\u0103 temperatura de func\u021bionare este prea ridicat\u0103.<\/li>\n<\/ul>\n<h3><strong>Ventilatorul de mas\u0103 TVE 9 \u2013 Calitate de marc\u0103 de la Trotec!<\/strong><\/h3>\n<p><a href=\"https:\/\/www.trotec24.ro\/masini\/ventilatie\/ventilatoare-seria-tve\/ventilator-de-masa-tve-9.html?rc=783e2f47dd\" class=\"broken_link\"><strong>Profita\u021bi de calitatea de marc\u0103 de la Trotec ca un garant al valorii, siguran\u021bei \u0219i func\u021bionalit\u0103\u021bii. COmanda\u021bi ventilatorul de mas\u0103 TVE 9 \u00een magazinul nostru online la cele mai atractive pre\u021buri &#8211; acum \u00een Trotec-Shop!<\/strong><\/a><\/p>\n","protected":false},"excerpt":{"rendered":"<p>Dac\u0103 va fi nevoie s\u0103 st\u0103m toat\u0103 vara acas\u0103 e bine m\u0103car s\u0103 avem o briz\u0103 pl\u0103cut\u0103. Ventilatorul de mas\u0103 livreaz\u0103 r\u0103corirea pl\u0103cut\u0103 \u0219i este acum pe stoc. Ventilatorul vine f\u0103r\u0103 s\u0103 fie nevoie de o montare, pur \u0219i simplu se a\u0219eaz\u0103 pe mas\u0103, se bag\u0103 \u00een priz\u0103 \u0219i se porne\u0219te. Mai lua\u021bi l\u00e2ng\u0103 el [&hellip;]<\/p>\n","protected":false},"author":66,"featured_media":10258,"comment_status":"open","ping_status":"open","sticky":false,"template":"","format":"standard","meta":[],"categories":[6,9,2],"tags":[1230,88,39],"_links":{"self":[{"href":"https:\/\/www.trotec-blog.com\/ro\/wp-json\/wp\/v2\/posts\/10256"}],"collection":[{"href":"https:\/\/www.trotec-blog.com\/ro\/wp-json\/wp\/v2\/posts"}],"about":[{"href":"https:\/\/www.trotec-blog.com\/ro\/wp-json\/wp\/v2\/types\/post"}],"author":[{"embeddable":true,"href":"https:\/\/www.trotec-blog.com\/ro\/wp-json\/wp\/v2\/users\/66"}],"replies":[{"embeddable":true,"href":"https:\/\/www.trotec-blog.com\/ro\/wp-json\/wp\/v2\/comments?post=10256"}],"version-history":[{"count":4,"href":"https:\/\/www.trotec-blog.com\/ro\/wp-json\/wp\/v2\/posts\/10256\/revisions"}],"predecessor-version":[{"id":10262,"href":"https:\/\/www.trotec-blog.com\/ro\/wp-json\/wp\/v2\/posts\/10256\/revisions\/10262"}],"wp:featuredmedia":[{"embeddable":true,"href":"https:\/\/www.trotec-blog.com\/ro\/wp-json\/wp\/v2\/media\/10258"}],"wp:attachment":[{"href":"https:\/\/www.trotec-blog.com\/ro\/wp-json\/wp\/v2\/media?parent=10256"}],"wp:term":[{"taxonomy":"category","embeddable":true,"href":"https:\/\/www.trotec-blog.com\/ro\/wp-json\/wp\/v2\/categories?post=10256"},{"taxonomy":"post_tag","embeddable":true,"href":"https:\/\/www.trotec-blog.com\/ro\/wp-json\/wp\/v2\/tags?post=10256"}],"curies":[{"name":"wp","href":"https:\/\/api.w.org\/{rel}","templated":true}]}}