{"id":10163,"date":"2020-04-25T07:52:52","date_gmt":"2020-04-25T05:52:52","guid":{"rendered":"https:\/\/www.trotec-blog.com\/ro\/?p=10163"},"modified":"2020-04-25T07:53:14","modified_gmt":"2020-04-25T05:53:14","slug":"noutate-ventilatorul-turn-tve-39-t-ventilator-ce-ne-fascineaza-cu-stil-confort-si-calitate","status":"publish","type":"post","link":"https:\/\/www.trotec-blog.com\/ro\/blog\/trotec\/noutate-ventilatorul-turn-tve-39-t-ventilator-ce-ne-fascineaza-cu-stil-confort-si-calitate\/","title":{"rendered":"NOUTATE Ventilatorul turn TVE 39 T \u2013 ventilator ce ne fascineaz\u0103 cu stil, confort \u0219i calitate"},"content":{"rendered":"<h2><a href=\"https:\/\/www.trotec-blog.com\/ro\/blog\/trotec\/noutate-ventilatorul-turn-tve-39-t-ventilator-ce-ne-fascineaza-cu-stil-confort-si-calitate\/\"><img loading=\"lazy\" class=\"alignnone size-full wp-image-10165\" src=\"https:\/\/www.trotec-blog.com\/ro\/files\/2020\/04\/RO_tro_blog_TVE39T_blogbild_1000x1000.jpg\" alt=\"\" width=\"1000\" height=\"1000\" srcset=\"https:\/\/www.trotec-blog.com\/ro\/files\/2020\/04\/RO_tro_blog_TVE39T_blogbild_1000x1000.jpg 1000w, https:\/\/www.trotec-blog.com\/ro\/files\/2020\/04\/RO_tro_blog_TVE39T_blogbild_1000x1000-200x200.jpg 200w, https:\/\/www.trotec-blog.com\/ro\/files\/2020\/04\/RO_tro_blog_TVE39T_blogbild_1000x1000-300x300.jpg 300w, https:\/\/www.trotec-blog.com\/ro\/files\/2020\/04\/RO_tro_blog_TVE39T_blogbild_1000x1000-768x768.jpg 768w, https:\/\/www.trotec-blog.com\/ro\/files\/2020\/04\/RO_tro_blog_TVE39T_blogbild_1000x1000-60x60.jpg 60w\" sizes=\"(max-width: 1000px) 100vw, 1000px\" \/><\/a><\/h2>\n<h2>Pentru to\u021bi cei din Home-Office, pentru cei ce transpir\u0103 la mesele de lucru \u0219i pentru cei ce \u00ee\u0219i petrec timpul \u00een sufragerii iar noaptea \u00een dormitor, r\u0103coarea dat\u0103 de ventilator pe timpul zilelor fierbin\u021bi ale verii este garantat\u0103 de ventilatorul de design sub form\u0103 de coloan\u0103 TVE 39 T. Ventilatorul elegant se prezint\u0103 \u00eentr-o combina\u021bie de alb-negru \u0219i puncteaz\u0103 la confort \u0219i calitate. Dar cel mai bine convinge\u021bi-v\u0103 singuri de aceasta \u2026<\/h2>\n<p><!--more--><\/p>\n<p><a href=\"https:\/\/www.trotec24.ro\/masini\/ventilatie\/ventilatoare-seria-tve\/ventilator-turn-tve-39-t.html?rc=783e2f47dd\" class=\"broken_link\"><strong>Ventilatorul turn TVE 39 T<\/strong> <\/a>convinge pe toat\u0103 linia prin cei 45 Watt \u0219i 6 trepte de ventilare, valori cu care acesta livreaz\u0103 prospe\u021bime deoarece pute\u021bi alege cu ce intesitate dori\u021bi s\u0103 sim\u021bi\u021bi cel mai confottabil aceast\u0103 r\u0103corire -fie sub form\u0103 de pale de v\u00e2nt sau ca o briz\u0103 u\u0219oar\u0103 pe piele. Deasemenea pute\u021bi alege ca ventilatorul s\u0103 func\u021bioneze \u00eentr-unul din cele 3 moduri\u00a0 \u201aNormal\u2018, \u201aV\u00e2nt natural\u2018 \u0219i \u201aMod de noapte\u2018. Cu ajutorul func\u021biunii op\u021bionale de oscila\u021bie cu 60\u00b0 \u0219i \u00een\u0103l\u021bimea sa de 108 centimetri, ventilatorul poate fi utilizat pentru turbionarea aerului din \u00eenc\u0103peri mari. El este ideal pentru a \u00eendep\u0103rta aerul st\u0103tut din \u00eenc\u0103peri \u0219i pentru \u00eemprosp\u0103tarea lui \u00een \u00eentreaga \u00eenc\u0103pere.<\/p>\n<h3><strong>A\u0219a func\u021bioneaz\u0103<\/strong><\/h3>\n<p>Altfel dec\u00e2t la ventilatoarele standard cu rotor, func\u021bionarea ventilatorului <a href=\"https:\/\/www.trotec24.ro\/masini\/ventilatie\/ventilatoare-seria-tve\/ventilator-turn-tve-39-t.html?rc=783e2f47dd\" class=\"broken_link\"><strong>TVE 39 T<\/strong><\/a> se bazeaz\u0103 pe un sistem de lamele incorporate \u00een carcas\u0103 care se rotesc \u00een interior \u0219i turbioneaz\u0103 aerul pe \u00eentreaga \u00een\u0103l\u021bime a carcasei. Aceast\u0103 tehnic\u0103 de ventilareproduce o r\u0103corire perceptibil\u0103 pe piele \u0219i prin forma sa de turn, ventilatorul se prezint\u0103 ca un obiect care nu necesit\u0103 mult loc pentru amplasare \u00een orice sufragerie sau birou.<\/p>\n<p>Toate func\u021biunile ventilatorului <a href=\"https:\/\/www.trotec24.ro\/masini\/ventilatie\/ventilatoare-seria-tve\/ventilator-turn-tve-39-t.html?rc=783e2f47dd\" class=\"broken_link\"><strong>TVE 39 T<\/strong><\/a> le pute\u021bi seta cu ajutorul telecomenzii din dotare cu design slim. Ventilatorul convinge prin func\u021biunea de r\u0103cire \u0219i func\u021bia practic\u0103 de temporizare cu care pute\u021bi seta timpii de pornire \u0219i oprire ai ventilatorului., modul de func\u021bionare de vant natural si cel de noapte in care ventilatorul func\u021bioneaz\u0103 deosebit de silen\u021bios. Ventilatorul mai de\u021bine \u0219i func\u021biunea de memorare a ultimelor setari \u0219i a ultimului mod de func\u021bionare utilizat.<\/p>\n<h3><strong>Patru dintre multele avantaje care pe mine m-au convins:<br \/>\n<\/strong><\/h3>\n<ul>\n<li>puterea de 45 Watt \u0219i \u00een\u0103l\u021bimea de 108 cm gro\u00df<\/li>\n<li>designul modern \u0219i economic din pdv. spa\u021biu sub form\u0103 de coloan\u0103<\/li>\n<li>costurile mici de \u00eentre\u021binere<\/li>\n<li>cele 6 trepte de ventilare<\/li>\n<\/ul>\n<h3><strong>Ventilatorul turn TVE 39 T \u2013 calitate de marc\u0103 de la Trotec!<\/strong><\/h3>\n<p><a href=\"https:\/\/www.trotec24.ro\/masini\/ventilatie\/ventilatoare-seria-tve\/ventilator-turn-tve-39-t.html?rc=783e2f47dd\" class=\"broken_link\"><strong>Profita\u021bi de calitatea de marc\u0103 de la Trotec ca un garant al valorii, siguran\u021bei \u0219i func\u021bionalit\u0103\u021bii. Comanda\u021bi cel mai bine \u00een magazinul nostru online ventilatorul design turn TVE 39 T la cele mai atractive pre\u021buri \u2013 acum \u00een Trotec-Shop!<\/strong><\/a><\/p>\n<p>Livrare \u00eencep\u00e2nd cu s\u0103pt\u0103m\u00e2na de lucru 20<\/p>\n","protected":false},"excerpt":{"rendered":"<p>Pentru to\u021bi cei din Home-Office, pentru cei ce transpir\u0103 la mesele de lucru \u0219i pentru cei ce \u00ee\u0219i petrec timpul \u00een sufragerii iar noaptea \u00een dormitor, r\u0103coarea dat\u0103 de ventilator pe timpul zilelor fierbin\u021bi ale verii este garantat\u0103 de ventilatorul de design sub form\u0103 de coloan\u0103 TVE 39 T. Ventilatorul elegant se prezint\u0103 \u00eentr-o combina\u021bie [&hellip;]<\/p>\n","protected":false},"author":66,"featured_media":10164,"comment_status":"open","ping_status":"open","sticky":false,"template":"","format":"standard","meta":[],"categories":[6,9,12,2],"tags":[1512,88,170],"_links":{"self":[{"href":"https:\/\/www.trotec-blog.com\/ro\/wp-json\/wp\/v2\/posts\/10163"}],"collection":[{"href":"https:\/\/www.trotec-blog.com\/ro\/wp-json\/wp\/v2\/posts"}],"about":[{"href":"https:\/\/www.trotec-blog.com\/ro\/wp-json\/wp\/v2\/types\/post"}],"author":[{"embeddable":true,"href":"https:\/\/www.trotec-blog.com\/ro\/wp-json\/wp\/v2\/users\/66"}],"replies":[{"embeddable":true,"href":"https:\/\/www.trotec-blog.com\/ro\/wp-json\/wp\/v2\/comments?post=10163"}],"version-history":[{"count":3,"href":"https:\/\/www.trotec-blog.com\/ro\/wp-json\/wp\/v2\/posts\/10163\/revisions"}],"predecessor-version":[{"id":10168,"href":"https:\/\/www.trotec-blog.com\/ro\/wp-json\/wp\/v2\/posts\/10163\/revisions\/10168"}],"wp:featuredmedia":[{"embeddable":true,"href":"https:\/\/www.trotec-blog.com\/ro\/wp-json\/wp\/v2\/media\/10164"}],"wp:attachment":[{"href":"https:\/\/www.trotec-blog.com\/ro\/wp-json\/wp\/v2\/media?parent=10163"}],"wp:term":[{"taxonomy":"category","embeddable":true,"href":"https:\/\/www.trotec-blog.com\/ro\/wp-json\/wp\/v2\/categories?post=10163"},{"taxonomy":"post_tag","embeddable":true,"href":"https:\/\/www.trotec-blog.com\/ro\/wp-json\/wp\/v2\/tags?post=10163"}],"curies":[{"name":"wp","href":"https:\/\/api.w.org\/{rel}","templated":true}]}}