{"id":10145,"date":"2020-04-24T07:36:09","date_gmt":"2020-04-24T05:36:09","guid":{"rendered":"https:\/\/www.trotec-blog.com\/ro\/?p=10145"},"modified":"2021-11-09T07:56:19","modified_gmt":"2021-11-09T05:56:19","slug":"virusul-corona-obligativitatea-de-a-purta-marca-trotec-ofera-masti-de-unica-folosinta-in-pachet-de-50-e-bucati","status":"publish","type":"post","link":"https:\/\/www.trotec-blog.com\/ro\/blog\/trotec\/virusul-corona-obligativitatea-de-a-purta-marca-trotec-ofera-masti-de-unica-folosinta-in-pachet-de-50-e-bucati\/","title":{"rendered":"Virusul Corona: Obligativitatea de a purta masc\u0103 \u2013 Trotec ofer\u0103 m\u0103\u0219ti de unic\u0103 folosin\u021b\u0103 \u00een pachet de 50 de buc\u0103\u021bi"},"content":{"rendered":"<h2><a href=\"https:\/\/www.trotec-blog.com\/ro\/blog\/trotec\/virusul-corona-obligativitatea-de-a-purta-marca-trotec-ofera-masti-de-unica-folosinta-in-pachet-de-50-e-bucati\/\"><img loading=\"lazy\" class=\"size-full wp-image-46225 alignleft\" src=\"https:\/\/www.trotec-blog.com\/wp-content\/uploads\/2020\/04\/tro_blog_maskenpflicht_blogbild_1000x1000.jpg\" alt=\"\" width=\"1000\" height=\"1000\" \/><\/a><\/h2>\n<h2><\/h2>\n<h2><\/h2>\n<h2><\/h2>\n<h2><\/h2>\n<h2><\/h2>\n<h2><\/h2>\n<h2><\/h2>\n<h2><\/h2>\n<h2><\/h2>\n<h2><\/h2>\n<h2><\/h2>\n<h2><\/h2>\n<h2><\/h2>\n<h2><\/h2>\n<h2><\/h2>\n<h2><\/h2>\n<h2><\/h2>\n<h2><\/h2>\n<h2><a href=\"https:\/\/www.trotec24.ro\/masini\/echipamente-de-protectie?rc=783e2f47dd\" class=\"broken_link\"><strong>M\u0103\u0219ti de unic\u0103 folosin\u021b\u0103<\/strong><\/a> sunt solu\u021bia cea mai potrivit\u0103 acum \u00een noile condi\u021bii pentru a v\u0103 feri pe dumneavoastr\u0103 \u0219i pe cei din jur de riscul infect\u0103rii cu viru\u0219i. Trotec ofer\u0103 aceste m\u0103\u0219ti \u00een pachet de 50 de buc\u0103\u021bi \u0219i sunt recomandate de a fi utilizate mai ales \u00een spa\u021bii publice precum mijloacele de transport \u00een comun, \u00een magazine la cump\u0103r\u0103turi, c\u00e2nd merge\u021bi la oficialit\u0103\u021bi sau la medic.<\/h2>\n<p><!--more--><\/p>\n<h3><strong>M\u0103\u0219ti de unic\u0103 folosin\u021b\u0103 \u00een pachet de 50 de buc\u0103\u021bi de la Trotec<\/strong><\/h3>\n<p>M\u0103\u0219tile se potrivesc de la sine \u00een func\u021bie de anatomia fiec\u0103ruia \u0219i de\u021bin un confort la purtare deosebit de pl\u0103cut \u0219i u\u0219or. Ele de\u021bin benzi de prindere din elastic \u0219i se potrivesc deasupra nasului ca form\u0103 de la sine f\u0103r\u0103 s\u0103 produc\u0103 ap\u0103s\u0103ri nepl\u0103cute \u0219i deci la un confort optimal pentru a putea fi purtate.<\/p>\n<ul>\n<li>masc\u0103 din trei straturi pentru gur\u0103 \u0219i nas \u00een pachet de 50 de buc\u0103\u021bi<\/li>\n<li>pl\u0103cute de purtat pe piele \u0219i de calitate<\/li>\n<li>de\u021bin benzi elastice de prindere de un confort sporit<\/li>\n<li>\u00eendepline\u0219te cerin\u021bele GB\/T 32610-2016<\/li>\n<li>culoare: albastr\u0103<\/li>\n<\/ul>\n<p><strong><a href=\"https:\/\/www.trotec24.ro\/masini\/echipamente-de-protectie?rc=783e2f47dd\" class=\"broken_link\">Profita\u021bi de calitatea de marc\u0103 de la Trotec ca un garant al valorii, calit\u0103\u021bii \u0219i func\u021bionalit\u0103\u021bii. Comanda\u021bi m\u0103\u0219tile de calitate pentru unic\u0103 folosin\u021b\u0103 \u00een pachet de 50 de buc\u0103\u021bi acum \u00een magazinul nostru online \u00eenainte ca s\u0103 se ordoneze purtarea obligatorie &#8211; acum \u00een Trotec-Shop!<\/a> <\/strong><\/p>\n<p>V\u0103 rug\u0103m s\u0103 ave\u021bi \u00een vedere &#8211; este vorba de un articol igienic. Odat\u0103 deschis pachetul nu exist\u0103 posibilitatea de returnare.<\/p>\n","protected":false},"excerpt":{"rendered":"<p>M\u0103\u0219ti de unic\u0103 folosin\u021b\u0103 sunt solu\u021bia cea mai potrivit\u0103 acum \u00een noile condi\u021bii pentru a v\u0103 feri pe dumneavoastr\u0103 \u0219i pe cei din jur de riscul infect\u0103rii cu viru\u0219i. Trotec ofer\u0103 aceste m\u0103\u0219ti \u00een pachet de 50 de buc\u0103\u021bi \u0219i sunt recomandate de a fi utilizate mai ales \u00een spa\u021bii publice precum mijloacele de transport [&hellip;]<\/p>\n","protected":false},"author":66,"featured_media":10147,"comment_status":"open","ping_status":"open","sticky":false,"template":"","format":"standard","meta":[],"categories":[6,8,2],"tags":[1445,1506,1510,1511],"_links":{"self":[{"href":"https:\/\/www.trotec-blog.com\/ro\/wp-json\/wp\/v2\/posts\/10145"}],"collection":[{"href":"https:\/\/www.trotec-blog.com\/ro\/wp-json\/wp\/v2\/posts"}],"about":[{"href":"https:\/\/www.trotec-blog.com\/ro\/wp-json\/wp\/v2\/types\/post"}],"author":[{"embeddable":true,"href":"https:\/\/www.trotec-blog.com\/ro\/wp-json\/wp\/v2\/users\/66"}],"replies":[{"embeddable":true,"href":"https:\/\/www.trotec-blog.com\/ro\/wp-json\/wp\/v2\/comments?post=10145"}],"version-history":[{"count":5,"href":"https:\/\/www.trotec-blog.com\/ro\/wp-json\/wp\/v2\/posts\/10145\/revisions"}],"predecessor-version":[{"id":14083,"href":"https:\/\/www.trotec-blog.com\/ro\/wp-json\/wp\/v2\/posts\/10145\/revisions\/14083"}],"wp:featuredmedia":[{"embeddable":true,"href":"https:\/\/www.trotec-blog.com\/ro\/wp-json\/wp\/v2\/media\/10147"}],"wp:attachment":[{"href":"https:\/\/www.trotec-blog.com\/ro\/wp-json\/wp\/v2\/media?parent=10145"}],"wp:term":[{"taxonomy":"category","embeddable":true,"href":"https:\/\/www.trotec-blog.com\/ro\/wp-json\/wp\/v2\/categories?post=10145"},{"taxonomy":"post_tag","embeddable":true,"href":"https:\/\/www.trotec-blog.com\/ro\/wp-json\/wp\/v2\/tags?post=10145"}],"curies":[{"name":"wp","href":"https:\/\/api.w.org\/{rel}","templated":true}]}}